{"id":3235,"date":"2021-11-29T10:48:26","date_gmt":"2021-11-29T10:48:26","guid":{"rendered":"https:\/\/aberdeen-pl.rcda.scot\/?p=3235"},"modified":"2021-12-31T17:01:12","modified_gmt":"2021-12-31T17:01:12","slug":"biskupi-wycofuja-dyspense-od-obowiazku-uczestnictwa-we-mszy-sw","status":"publish","type":"post","link":"https:\/\/aberdeen-pl.rcda.scot\/?p=3235","title":{"rendered":"Biskupi wycofuj\u0105 dyspens\u0119 od obowi\u0105zku uczestnictwa we Mszy \u015bw."},"content":{"rendered":"<p style=\"text-align: center;\"><strong>List pasterski do katolik\u00f3w w Szkocji odno\u015bnie Okresu Bo\u017cego Narodzenia<\/strong><\/p>\n<p style=\"text-align: center;\"><strong>i przywr\u00f3cenia obowi\u0105zku Mszy \u015bw. w diecezjach Szkocji<\/strong><\/p>\n<p><!--more--><\/p>\n<p><span style=\"color: red;\"><strong>W zwi\u0105zku z pogorszeniem sytuacji epidemicznej w grudniu 2021 decyzja o zako\u0144czeniu dyspensy og\u0142oszona poni\u017cszym listem zosta\u0142a zawieszona przez Konferencj\u0119 Katolickich Biskup\u00f3w Szkocji do odwo\u0142ania.<\/strong><br \/>\n<\/span><\/p>\n<p>Drodzy Bracia i Siostry,<\/p>\n<p><em>Chrystus nam si\u0119 narodzi\u0142, p\u00f3jd\u017amy z pok\u0142onem.<\/em><\/p>\n<p>Zbli\u017caj\u0105 si\u0119 \u015awi\u0119ta Bo\u017cego Narodzenia. Jest to okazja do odnowienia naszego \u017cycia rodzinnego, wyj\u015bcia do samotnych i celebrowania sedna naszej wiary: Emmanuela, Boga z nami.<\/p>\n<p>Wszyscy do\u015bwiadczyli\u015bmy negatywnego wp\u0142ywu pandemii na nasze wsp\u00f3lnotowe celebracje liturgiczne i na dost\u0119p do sakrament\u00f3w, zw\u0142aszcza Eucharystii. Teraz, gdy coraz wi\u0119cej os\u00f3b ucz\u0119szcza do ko\u015bcio\u0142a, biskupi Szkocji chc\u0105 zach\u0119ci\u0107 wszystkich wiernych katolik\u00f3w do odnowienia przymierza z Ko\u015bcio\u0142em i jego kultu. \u015awi\u0119ta Bo\u017cego Narodzenia wydaj\u0105 si\u0119 w\u0142a\u015bciwym czasem, aby to zrobi\u0107. Pami\u0119tamy, jak pasterze m\u00f3wili do siebie: <em>\u201eP\u00f3jd\u017amy do Betlejem i zobaczmy, co si\u0119 tam zdarzy\u0142o i o czym nam Pan oznajmi\u0142\u201d<\/em> (\u0141k 2,15). Dzieci\u0105tko w \u017c\u0142obie wzywa nas, aby\u015bmy poszli z nimi.<\/p>\n<p>Bo\u017ce Narodzenie w tym roku wypada w sobot\u0119. Zaraz po nim nast\u0105pi Niedziela \u015bwi\u0119to \u015awi\u0119tej Rodziny. Dlatego gor\u0105co zach\u0119camy do skorzystania z obchod\u00f3w tego weekendu poprzez uczestnictwo we Mszy \u015bw. w oba dni lub przynajmniej w jeden z nich.<\/p>\n<p>Cz\u0119sto pytano nas o przywr\u00f3cenie obowi\u0105zku ucz\u0119szczania na msz\u0119 w niedziele i \u015bwi\u0119ta nakazane. W nieustannie zmieniaj\u0105cych si\u0119 okoliczno\u015bciach nie jest to \u0142atwy os\u0105d. Jednak dzi\u0119ki wysi\u0142kowi i rozs\u0105dkowi tak wielu nasze ko\u015bcio\u0142y okaza\u0142y si\u0119 bezpiecznymi miejscami. Wi\u0119c o ile nie zajdzie nag\u0142e znaczne pogorszenie si\u0119 sytuacji, wierzymy, \u017ce okres Bo\u017cego Narodzenia to odpowiedni moment na przywr\u00f3cenie obowi\u0105zku udzia\u0142u we Mszy \u015bw.<\/p>\n<p><strong>Obowi\u0105zek uczestniczenia we Mszy \u015awi\u0119tej w niedziele i \u015bwi\u0119ta nakazane zostanie zatem przywr\u00f3cony od niedzieli 2 stycznia, pierwszej w nowym roku.<\/strong> Ta niedziela zbiega si\u0119 z uroczysto\u015bci\u0105 Objawienia Pa\u0144skiego. B\u0119dzie to dla nas okazja do przy\u0142\u0105czenia si\u0119 do m\u0119drc\u00f3w w oddawaniu czci Dzieci\u0105tku Jezus.<\/p>\n<p>Zgodnie z powszechnym nauczaniem Ko\u015bcio\u0142a, obowi\u0105zek ten nie dotyczy os\u00f3b w z\u0142ym stanie zdrowia lub os\u00f3b, kt\u00f3re z innych powod\u00f3w nie mog\u0105 uczestniczy\u0107 we Mszy. Ani, w kontek\u015bcie pandemii, obowi\u0105zek ten nie wi\u0105\u017ce os\u00f3b, kt\u00f3re maj\u0105 objawy zaka\u017cenia wirusem lub s\u0105 podatne na zachorowanie z powodu innych schorze\u0144, ani os\u00f3b odpowiedzialnych za osoby wymagaj\u0105ce szczeg\u00f3lnej opieki.<\/p>\n<p>Obowi\u0105zek u\u015bwi\u0119cania dnia Pa\u0144skiego poprzez uczestnictwo we Mszy nie powinien by\u0107 postrzegany jako ci\u0119\u017car. Jest to wezwanie skierowane do naszej ludzkiej wolno\u015bci i do serca ka\u017cdego ochrzczonego cz\u0142onka Ko\u015bcio\u0142a. <em>\u201eJest we mnie\u201d <\/em>\u2013 powiedzia\u0142 \u015bw. Ignacy z Antiochii \u2013 <em>\u201eszmer wody \u017cywej, kt\u00f3ry m\u00f3wi: \u201ePrzyjd\u017a do Ojca\u201d<\/em>. Obowi\u0105zek wzywa nas do przyj\u015bcia do Ojca razem z naszymi wsp\u00f3\u0142wyznawcami, aby <em>\u201es\u0142ucha\u0107 s\u0142owa Bo\u017cego i bra\u0107 udzia\u0142 w Eucharystii, przywo\u0142uj\u0105c m\u0119k\u0119, zmartwychwstanie i chwa\u0142\u0119 Pana Jezusa oraz dzi\u0119kuj\u0105c Bogu, kt\u00f3ry \u201ezrodzi\u0142 [nas] do \u017cywej nadziei przez zmartwychwstanie Chrystusa\u201d<\/em> (Sacrosanctum Concilium, 106; 1 P 1,3). Msza niedzielna mo\u017ce o\u017cywi\u0107 i od\u015bwie\u017cy\u0107 nasz\u0105 wiar\u0119 chrze\u015bcija\u0144sk\u0105, nasze poczucie wsp\u00f3lnoty i pragnienie \u017cycia jako \u015bwiadkowie wiary w \u015bwiecie. Dlatego Ko\u015bci\u00f3\u0142 traktuje ten obowi\u0105zek powa\u017cnie.<\/p>\n<p>Dobrze by\u0142o mie\u0107 dost\u0119p do \u015awi\u0119tej Liturgii online i zach\u0119camy tych, kt\u00f3rzy nie mog\u0105 uczestniczy\u0107 we Mszy \u015awi\u0119tej w niedziele i \u015bwi\u0119ta, aby nadal korzystali z takiej mo\u017cliwo\u015bci. Samo uczestnictwo online nie spe\u0142nia jednak obowi\u0105zku. Nic nie jest w stanie odpowiednio zast\u0105pi\u0107 rzeczywistej obecno\u015bci. W centrum naszego \u017cycia chrze\u015bcija\u0144skiego znajduje si\u0119 wydarzenie, w kt\u00f3rym S\u0142owo staje si\u0119 Cia\u0142em i przez sakramenty zostajemy w\u0142\u0105czeni w Jego Cia\u0142o. Aby tego do\u015bwiadczy\u0107, przychodzimy do ko\u015bcio\u0142a. Nasza obecna refleksja na temat synodalno\u015bci kieruje nas w tym samym kierunku: jeste\u015bmy ludem, kt\u00f3ry spotykaj\u0105 si\u0119 razem, poniewa\u017c razem podr\u00f3\u017cujemy.<\/p>\n<p>Wykorzystajmy zatem nadchodz\u0105cy okres Adwentu i Bo\u017cego Narodzenia, aby z oczyszczonymi sercami i \u015bwie\u017cym zapa\u0142em powr\u00f3ci\u0107 do naszego \u017cycia sakramentalnego i liturgicznego. W czasie Adwentu i p\u00f3\u017aniej b\u0119dzie okazja do sprawowania sakramentu pojednania. A samo Bo\u017ce Narodzenie to wi\u0119cej ni\u017c jeden dzie\u0144. To jest sezon. Poza Bo\u017cym Narodzeniem obejmuje pi\u0119kne \u015bwi\u0119ta \u015awi\u0119tej Rodziny, Bo\u017cej Rodzicielki Maryi, Objawienia Pa\u0144skiego i Chrztu Pa\u0144skiego. Na p\u00f3\u0142kuli p\u00f3\u0142nocnej sezon ten przypada na ciemn\u0105 i zimn\u0105 por\u0119 roku. To nie przypadek. W\u0142a\u015bnie w tym czasie, jeszcze ciemniejszym przez niepewno\u015b\u0107 powodowan\u0105 wieloma r\u00f3\u017cnymi sytuacjami, otrzymujemy bosk\u0105 energi\u0119 i rado\u015b\u0107 z ludzkich narodzin Boskiego Dziecka. Narodziny Chrystusa oznaczaj\u0105 przebaczenie naszych grzech\u00f3w i odrodzenie jako dzieci Bo\u017cych. Do\u015bwiadczamy, jak r\u00f3wnie\u017c nas obejmuje macierzy\u0144stwo Maryi, a podczas Objawienia Pa\u0144skiego gwiazda wiary roz\u015bwietla nasze serca. Kiedy Pan zanurza si\u0119 w rzece Jordan, wody naszego chrztu mog\u0105 p\u0142yn\u0105\u0107 w naszym \u017cyciu z now\u0105 moc\u0105. Otrzymujemy \u015bwiat\u0142o i si\u0142\u0119, aby prze\u017cy\u0107 nowy rok w mocy Ducha \u015awi\u0119tego.<\/p>\n<p>W Li\u015bcie z 9 listopada do katolik\u00f3w Szkocji, napisanym w trakcie konferencji klimatycznej w Glasgow, Ojciec \u015awi\u0119ty powiedzia\u0142: <em>\u201eW tych trudnych czasach niech wszyscy wyznawcy Chrystusa w Szkocji odnowi\u0105 swoje zobowi\u0105zanie do bycia przekonuj\u0105cymi \u015bwiadkami rado\u015bci Ewangelii i jej mocy niesienia \u015bwiat\u0142a i nadziei we wszelkich wysi\u0142kach na rzecz budowania przysz\u0142o\u015bci sprawiedliwo\u015bci, braterstwa i dobrobytu, zar\u00f3wno materialnego, jak i duchowego\u201d.<\/em><\/p>\n<p>Powtarzamy te s\u0142owa, gdy wsp\u00f3lnie staramy si\u0119 pod\u0105\u017ca\u0107 Bo\u017cymi drogami i otwiera\u0107 nasze serca na dar Jego Syna.<\/p>\n<p>Oddani w Chrystusie<\/p>\n<p><em>+ Hugh Gilbert, biskup Aberdeen, przewodnicz\u0105cy Konferencji Episkopatu Szkocji <\/em><\/p>\n<p><em>+ Leo Cushley, arcybiskup St Andrews i Edynburga <\/em><\/p>\n<p><em>+ Joseph Toal, biskup Motherwell <\/em><\/p>\n<p><em>+ Stephen Robson, biskup Dunkeld <\/em><\/p>\n<p><em>+ John Keenan, biskup Paisley <\/em><\/p>\n<p><em>+ William Nolan, biskup Galloway <\/em><\/p>\n<p><em>+ Brian McGee, biskup Argyll i wysp<\/em><\/p>\n<p><em>pra\u0142at Hugh Canon Bradley, administrator archidiecezji Glasgow<\/em><\/p>\n","protected":false},"excerpt":{"rendered":"<p>List pasterski do katolik\u00f3w w Szkocji odno\u015bnie Okresu Bo\u017cego Narodzenia i przywr\u00f3cenia obowi\u0105zku Mszy \u015bw. w diecezjach Szkocji<\/p>\n","protected":false},"author":4,"featured_media":3238,"comment_status":"closed","ping_status":"closed","sticky":false,"template":"","format":"standard","meta":{"_jetpack_memberships_contains_paid_content":false,"footnotes":""},"categories":[1],"tags":[],"class_list":["post-3235","post","type-post","status-publish","format-standard","has-post-thumbnail","hentry","category-aktualnosci"],"jetpack_featured_media_url":"https:\/\/i0.wp.com\/aberdeen-pl.rcda.scot\/wp-content\/uploads\/2021\/11\/Bishops_Conference_of_Scotland.jpg?fit=79%2C150&ssl=1","jetpack_sharing_enabled":true,"_links":{"self":[{"href":"https:\/\/aberdeen-pl.rcda.scot\/index.php?rest_route=\/wp\/v2\/posts\/3235","targetHints":{"allow":["GET"]}}],"collection":[{"href":"https:\/\/aberdeen-pl.rcda.scot\/index.php?rest_route=\/wp\/v2\/posts"}],"about":[{"href":"https:\/\/aberdeen-pl.rcda.scot\/index.php?rest_route=\/wp\/v2\/types\/post"}],"author":[{"embeddable":true,"href":"https:\/\/aberdeen-pl.rcda.scot\/index.php?rest_route=\/wp\/v2\/users\/4"}],"replies":[{"embeddable":true,"href":"https:\/\/aberdeen-pl.rcda.scot\/index.php?rest_route=%2Fwp%2Fv2%2Fcomments&post=3235"}],"version-history":[{"count":4,"href":"https:\/\/aberdeen-pl.rcda.scot\/index.php?rest_route=\/wp\/v2\/posts\/3235\/revisions"}],"predecessor-version":[{"id":3513,"href":"https:\/\/aberdeen-pl.rcda.scot\/index.php?rest_route=\/wp\/v2\/posts\/3235\/revisions\/3513"}],"wp:featuredmedia":[{"embeddable":true,"href":"https:\/\/aberdeen-pl.rcda.scot\/index.php?rest_route=\/wp\/v2\/media\/3238"}],"wp:attachment":[{"href":"https:\/\/aberdeen-pl.rcda.scot\/index.php?rest_route=%2Fwp%2Fv2%2Fmedia&parent=3235"}],"wp:term":[{"taxonomy":"category","embeddable":true,"href":"https:\/\/aberdeen-pl.rcda.scot\/index.php?rest_route=%2Fwp%2Fv2%2Fcategories&post=3235"},{"taxonomy":"post_tag","embeddable":true,"href":"https:\/\/aberdeen-pl.rcda.scot\/index.php?rest_route=%2Fwp%2Fv2%2Ftags&post=3235"}],"curies":[{"name":"wp","href":"https:\/\/api.w.org\/{rel}","templated":true}]}}