{"id":3997,"date":"2022-05-15T08:30:56","date_gmt":"2022-05-15T07:30:56","guid":{"rendered":"https:\/\/aberdeen-pl.rcda.scot\/?p=3997"},"modified":"2022-05-15T08:30:56","modified_gmt":"2022-05-15T07:30:56","slug":"ogloszenia-duszpasterstwa-15-maja-2022","status":"publish","type":"post","link":"https:\/\/aberdeen-pl.rcda.scot\/?p=3997","title":{"rendered":"Og\u0142oszenia Duszpasterstwa 15 maja 2022"},"content":{"rendered":"<p><!--more--><\/p>\n<ol>\n<li><strong>Chwalcie \u0142\u0105ki umajone:<\/strong> Mamy ju\u017c po\u0142ow\u0119 maja! To specjalny czas, kiedy modlimy si\u0119 litani\u0105 loreta\u0144sk\u0105, wypraszaj\u0105c \u0142aski Bo\u017ce przez wstawiennictwo naszej Matki w Niebie. Wspaniale b\u0119dzie, je\u015bli uda si\u0119 po\u015bwi\u0119ci\u0107 na t\u0119 modlitw\u0119 5 minut \u017cycia rodzinnego razem z cz\u0142onkami rodziny.<\/li>\n<li><strong>Alpha:<\/strong> Je\u015bli masz ochot\u0119 obejrze\u0107 ciekaw\u0105 prezentacj\u0119 o chrze\u015bcija\u0144stwie i porozmawia\u0107 z innymi o \u017cyciu, a mo\u017ce chcesz tylko pozna\u0107 nowych ludzi, zapraszamy Ci\u0119 serdecznie na spotkanie w <span style=\"text-decoration: underline;\">poniedzia\u0142ek 16 maja<\/span> o godz. 19:00 w Main Hall przy katedrze.<\/li>\n<li><strong>Konferencje Biskupa Hugh o Eucharystii:<\/strong> W <span style=\"text-decoration: underline;\">czwartek 19 maja<\/span> Biskup Hugh b\u0119dzie m\u00f3wi\u0142 o cz\u0119\u015bci Mszy \u015bwi\u0119tej zwanej Modlitw\u0105 Eucharystyczn\u0105. Mo\u017cna go pos\u0142ucha\u0107 w katedrze o 19:00 albo online. Link na najbli\u017cszy czwartek: <span style=\"text-decoration: underline;\"><a href=\"https:\/\/youtu.be\/aMHTeEETT24\" target=\"_blank\" rel=\"noopener\"><span style=\"color: red; text-decoration: underline;\">https:\/\/youtu.be\/aMHTeEETT24:<\/span><\/a><\/span><\/li>\n<li><strong>Jak wyj\u015b\u0107 z d\u0142ug\u00f3w?<\/strong> Na webinar (szkolenie online) zapraszaj\u0105 w <span style=\"text-decoration: underline;\">\u015brod\u0119 18 maja<\/span> o godz. 20:00 liderzy Edukacji Finansowej fundacji Crown: Hanna i Klaudiusz Mozolewscy. Link do spotkania tutaj: <span style=\"text-decoration: underline;\"><a href=\"https:\/\/crown.org.pl\/3-sposoby-wyjscia-z-dlugow\/?fbclid=IwAR2QdHkW26MG-yEG0nsp_mFVkQkZrLF0p7Us4uBnS5iHvvINFAaZRNCcIDc\" target=\"_blank\" rel=\"noopener\"><span style=\"color: red; text-decoration: underline;\">3 sposoby wyj\u015bcia z d\u0142ug\u00f3w<\/span><\/a><\/span><\/li>\n<li><strong>Co\u015b dla m\u0142odzie\u017cy:<\/strong> M\u0142odzie\u017c w wieku szkolnym P7-S6 serdecznie zaprasza do katedry National Evangelisation Team w najbli\u017cszy <span style=\"text-decoration: underline;\">pi\u0105tek 20 maja<\/span> od godz. 17:00 do 21:00. Wydarzenie to odb\u0119dzie si\u0119 ca\u0142kowicie w j. angielskim.<\/li>\n<li><strong>Piknik Talent\u00f3w: <\/strong>Zapraszamy serdecznie wszystkich (wraz z rodzin\u0105), kt\u00f3rzy czuj\u0105, \u017ce mniej lub bardziej podzielili si\u0119 w ostatnim roku swoim talentem ze wsp\u00f3lnot\u0105 \u2013 cho\u0107by w spos\u00f3b niewidoczny dla innych &#8211;\u00a0 lub te\u017c chcieliby zacz\u0105\u0107 si\u0119 dzieli\u0107. Piknik\/grill planowany jest na t\u0119 <span style=\"text-decoration: underline;\">sobot\u0119 21 maja (17:00)<\/span>, a w razie z\u0142ej pogody na 28 maja w rejonie South Donmouth Beach. \u017beby nikomu nie zabrak\u0142o kie\u0142basek i napoj\u00f3w, nale\u017cy zg\u0142osi\u0107 si\u0119 korzystaj\u0105c z formularza do 17 maja: <span style=\"text-decoration: underline;\"><a href=\"https:\/\/aberdeen-pl.rcda.scot\/piknik-talentow\/\" target=\"_blank\" rel=\"noopener\"><span style=\"color: red; text-decoration: underline;\">Piknik Talent\u00f3w<\/span><\/a><\/span><\/li>\n<li><strong>Taca:<\/strong> W poprzedni\u0105 niedziel\u0119 wynios\u0142a w ko\u015bciele St. Peter\u2019s \u00a3233.60, a w katedrze \u00a3573.00. Za wszelkie ofiary na funkcjonowanie ko\u015bcio\u0142a i duszpasterstwa serdeczne <em>B\u00f3g zap\u0142a\u0107<\/em>.<\/li>\n<li><strong>Koncerty<\/strong> muzyki polskich kompozytor\u00f3w odb\u0119d\u0105 si\u0119 w <span style=\"text-decoration: underline;\">niedziel\u0119 15 maja i w poniedzia\u0142ek 16 maja<\/span> wieczorem. Wst\u0119p wolny. Szczeg\u00f3\u0142y na polskiej tablicy og\u0142osze\u0144 przy wej\u015bciu do ko\u015bcio\u0142a.<\/li>\n<\/ol>\n","protected":false},"excerpt":{"rendered":"","protected":false},"author":4,"featured_media":3813,"comment_status":"closed","ping_status":"closed","sticky":false,"template":"","format":"standard","meta":{"_jetpack_memberships_contains_paid_content":false,"footnotes":""},"categories":[1],"tags":[],"class_list":["post-3997","post","type-post","status-publish","format-standard","has-post-thumbnail","hentry","category-aktualnosci"],"jetpack_featured_media_url":"https:\/\/i0.wp.com\/aberdeen-pl.rcda.scot\/wp-content\/uploads\/2022\/03\/loudspeaker-g537a03644_640.png?fit=347%2C336&ssl=1","jetpack_sharing_enabled":true,"_links":{"self":[{"href":"https:\/\/aberdeen-pl.rcda.scot\/index.php?rest_route=\/wp\/v2\/posts\/3997","targetHints":{"allow":["GET"]}}],"collection":[{"href":"https:\/\/aberdeen-pl.rcda.scot\/index.php?rest_route=\/wp\/v2\/posts"}],"about":[{"href":"https:\/\/aberdeen-pl.rcda.scot\/index.php?rest_route=\/wp\/v2\/types\/post"}],"author":[{"embeddable":true,"href":"https:\/\/aberdeen-pl.rcda.scot\/index.php?rest_route=\/wp\/v2\/users\/4"}],"replies":[{"embeddable":true,"href":"https:\/\/aberdeen-pl.rcda.scot\/index.php?rest_route=%2Fwp%2Fv2%2Fcomments&post=3997"}],"version-history":[{"count":4,"href":"https:\/\/aberdeen-pl.rcda.scot\/index.php?rest_route=\/wp\/v2\/posts\/3997\/revisions"}],"predecessor-version":[{"id":4041,"href":"https:\/\/aberdeen-pl.rcda.scot\/index.php?rest_route=\/wp\/v2\/posts\/3997\/revisions\/4041"}],"wp:featuredmedia":[{"embeddable":true,"href":"https:\/\/aberdeen-pl.rcda.scot\/index.php?rest_route=\/wp\/v2\/media\/3813"}],"wp:attachment":[{"href":"https:\/\/aberdeen-pl.rcda.scot\/index.php?rest_route=%2Fwp%2Fv2%2Fmedia&parent=3997"}],"wp:term":[{"taxonomy":"category","embeddable":true,"href":"https:\/\/aberdeen-pl.rcda.scot\/index.php?rest_route=%2Fwp%2Fv2%2Fcategories&post=3997"},{"taxonomy":"post_tag","embeddable":true,"href":"https:\/\/aberdeen-pl.rcda.scot\/index.php?rest_route=%2Fwp%2Fv2%2Ftags&post=3997"}],"curies":[{"name":"wp","href":"https:\/\/api.w.org\/{rel}","templated":true}]}}