{"id":4048,"date":"2022-05-22T12:37:35","date_gmt":"2022-05-22T11:37:35","guid":{"rendered":"https:\/\/aberdeen-pl.rcda.scot\/?p=4048"},"modified":"2022-05-23T10:42:54","modified_gmt":"2022-05-23T09:42:54","slug":"ogloszenia-duszpasterstwa-22-maja-2022","status":"publish","type":"post","link":"https:\/\/aberdeen-pl.rcda.scot\/?p=4048","title":{"rendered":"Og\u0142oszenia Duszpasterstwa 22 maja 2022"},"content":{"rendered":"<p><!--more--><\/p>\n<ol>\n<li><strong>Przyjd\u017a, Duchu \u015awi\u0119ty:<\/strong> Za dwa tygodnie \u015bwi\u0119tujemy Zes\u0142anie Ducha \u015awi\u0119tego. Tego dnia (5 czerwca) ponad trzydziestu cz\u0142onk\u00f3w naszej wsp\u00f3lnoty przyjmie sakrament bierzmowania. W\u0142\u0105czmy si\u0119 w modlitw\u0119 o bogactwo dar\u00f3w Ducha \u015awi\u0119tego szczeg\u00f3lnie dla nich, odprawiaj\u0105c prywatnie i w naszych domach <a href=\"https:\/\/voxdomini.pl\/archiwa\/modlitwy-i-nabozenstwa\/nowenna-do-ducha-sw\/\" target=\"_blank\" rel=\"noopener\"><span style=\"text-decoration: underline;\"><strong><span style=\"color: red; text-decoration: underline;\">Nowenn\u0119 do Ducha \u015awi\u0119tego<\/span><\/strong><\/span><\/a>. Nowenn\u0119 rozpoczynamy <span style=\"text-decoration: underline;\">w pi\u0105tek 27 maja<\/span>.<\/li>\n<li><strong>Alpha:<\/strong> Je\u015bli masz ochot\u0119 obejrze\u0107 ciekaw\u0105 prezentacj\u0119 o chrze\u015bcija\u0144stwie i porozmawia\u0107 z innymi o \u017cyciu, a mo\u017ce chcesz tylko pozna\u0107 nowych ludzi, zapraszamy Ci\u0119 serdecznie na spotkanie w <span style=\"text-decoration: underline;\">poniedzia\u0142ek 23 maja<\/span> o godz. 19:00 w Main Hall przy katedrze.<\/li>\n<li><strong>Wniebowst\u0105pienie Pa\u0144skie<\/strong>: Uroczyst\u0105 Msz\u0105 \u015bw. b\u0119dziemy \u015bwi\u0119towa\u0107 to wydarzenie w czwartek <span style=\"text-decoration: underline;\">26 maja o godz. 18:30 w ko\u015bciele St. Peter&#8217;s<\/span>. Z uwagi na fakt, \u017ce jest to dzie\u0144 roboczy, a ludzie zabiegani i zapracowani, Msza \u015bw. b\u0119dzie czasowo kr\u00f3tsza: sko\u0144czy si\u0119 oko\u0142o godz. 19:05. Ze wzgl\u0119du na powag\u0119 Wniebowst\u0105pienia, jest to jedna z czterech pozaniedzielnych uroczysto\u015bci obowi\u0105zkowych.<\/li>\n<li><strong>Konferencje Biskupa Hugh o Eucharystii:<\/strong> W <span style=\"text-decoration: underline;\">czwartek 26 maja<\/span> Biskup Hugh b\u0119dzie m\u00f3wi\u0142 o Komunii \u015bwi\u0119tej. Mo\u017cna go pos\u0142ucha\u0107 w katedrze o 19:00 albo online. Link na najbli\u017cszy czwartek: <span style=\"text-decoration: underline;\"><a href=\"https:\/\/youtu.be\/P7oLIn__Xqc\" target=\"_blank\" rel=\"noopener\"><span style=\"color: red; text-decoration: underline;\">https:\/\/youtu.be\/P7oLIn__Xqc:<\/span><\/a><\/span><\/li>\n<li><strong>Taca:<\/strong> W poprzedni\u0105 niedziel\u0119 wynios\u0142a w ko\u015bciele St. Peter\u2019s \u00a3276.50, a w katedrze \u00a3353.51. Za wszelkie ofiary na funkcjonowanie ko\u015bcio\u0142a i duszpasterstwa serdeczne <em>B\u00f3g zap\u0142a\u0107<\/em>.<\/li>\n<\/ol>\n","protected":false},"excerpt":{"rendered":"","protected":false},"author":4,"featured_media":3813,"comment_status":"closed","ping_status":"closed","sticky":false,"template":"","format":"standard","meta":{"_jetpack_memberships_contains_paid_content":false,"footnotes":""},"categories":[1],"tags":[],"class_list":["post-4048","post","type-post","status-publish","format-standard","has-post-thumbnail","hentry","category-aktualnosci"],"jetpack_featured_media_url":"https:\/\/i0.wp.com\/aberdeen-pl.rcda.scot\/wp-content\/uploads\/2022\/03\/loudspeaker-g537a03644_640.png?fit=347%2C336&ssl=1","jetpack_sharing_enabled":true,"_links":{"self":[{"href":"https:\/\/aberdeen-pl.rcda.scot\/index.php?rest_route=\/wp\/v2\/posts\/4048","targetHints":{"allow":["GET"]}}],"collection":[{"href":"https:\/\/aberdeen-pl.rcda.scot\/index.php?rest_route=\/wp\/v2\/posts"}],"about":[{"href":"https:\/\/aberdeen-pl.rcda.scot\/index.php?rest_route=\/wp\/v2\/types\/post"}],"author":[{"embeddable":true,"href":"https:\/\/aberdeen-pl.rcda.scot\/index.php?rest_route=\/wp\/v2\/users\/4"}],"replies":[{"embeddable":true,"href":"https:\/\/aberdeen-pl.rcda.scot\/index.php?rest_route=%2Fwp%2Fv2%2Fcomments&post=4048"}],"version-history":[{"count":8,"href":"https:\/\/aberdeen-pl.rcda.scot\/index.php?rest_route=\/wp\/v2\/posts\/4048\/revisions"}],"predecessor-version":[{"id":4069,"href":"https:\/\/aberdeen-pl.rcda.scot\/index.php?rest_route=\/wp\/v2\/posts\/4048\/revisions\/4069"}],"wp:featuredmedia":[{"embeddable":true,"href":"https:\/\/aberdeen-pl.rcda.scot\/index.php?rest_route=\/wp\/v2\/media\/3813"}],"wp:attachment":[{"href":"https:\/\/aberdeen-pl.rcda.scot\/index.php?rest_route=%2Fwp%2Fv2%2Fmedia&parent=4048"}],"wp:term":[{"taxonomy":"category","embeddable":true,"href":"https:\/\/aberdeen-pl.rcda.scot\/index.php?rest_route=%2Fwp%2Fv2%2Fcategories&post=4048"},{"taxonomy":"post_tag","embeddable":true,"href":"https:\/\/aberdeen-pl.rcda.scot\/index.php?rest_route=%2Fwp%2Fv2%2Ftags&post=4048"}],"curies":[{"name":"wp","href":"https:\/\/api.w.org\/{rel}","templated":true}]}}