{"id":4076,"date":"2022-05-29T01:00:30","date_gmt":"2022-05-29T00:00:30","guid":{"rendered":"https:\/\/aberdeen-pl.rcda.scot\/?p=4076"},"modified":"2022-05-26T23:14:33","modified_gmt":"2022-05-26T22:14:33","slug":"ogloszenia-duszpasterstwa-29-maja-2022","status":"publish","type":"post","link":"https:\/\/aberdeen-pl.rcda.scot\/?p=4076","title":{"rendered":"Og\u0142oszenia Duszpasterstwa 29 maja 2022"},"content":{"rendered":"<p><!--more--><\/p>\n<ol>\n<li><strong>Serce spragnione mi\u0142o\u015bci:<\/strong> &#8230;wo\u0142a. Czerwiec jest szczeg\u00f3lnym miesi\u0105cem, kiedy zwracamy si\u0119 ku Sercu Jezusa, by wynagrodzi\u0107 za nasze i innych przewinienia rani\u0105ce to Serce. W Duszpasterstwie b\u0119dzie jedna taka szczeg\u00f3lna okazja, <span style=\"text-decoration: underline;\">pierwszy pi\u0105tek miesi\u0105ca (3 czerwca)<\/span>, kiedy podczas Adoracji Naj\u015bwi\u0119tszego Sakramentu (17:30) oraz Litani\u0105 do Serca Jezusowego (18:15) i Msz\u0105 \u015bwi\u0119t\u0105 ku czci Naj\u015bwi\u0119tszego Serca Jezusowego (18:30) b\u0119dziemy przeprasza\u0107 to kochaj\u0105ce Serce za wszelkie plugastwa swoje i innych. W tym czasie od 17:30 do 18:15 b\u0119dzie mo\u017cliwo\u015b\u0107 skorzystania z sakramentu pojednania.<\/li>\n<li><strong>Spowied\u017a \u015bw. dzie\u0144 wcze\u015bniej:<\/strong> W <span style=\"text-decoration: underline;\">czwartek 2 czerwca o 18:45<\/span> b\u0119dzie mo\u017cliwa na parkingu przy katedrze.<\/li>\n<li><strong>Konferencje Biskupa Hugh o Eucharystii:<\/strong> W <span style=\"text-decoration: underline;\">czwartek 2 czerwca<\/span> Biskup Hugh ko\u0144czy swoje rozwa\u017cania o Eucharystii. Mo\u017cna go pos\u0142ucha\u0107 w katedrze o 19:00 albo online. Link na najbli\u017cszy czwartek: <span style=\"text-decoration: underline;\"><a href=\"https:\/\/youtu.be\/T5d5S7Uu0Hc\" target=\"_blank\" rel=\"noopener\"><span style=\"color: red; text-decoration: underline;\">https:\/\/youtu.be\/T5d5S7Uu0Hc:<\/span><\/a><\/span><\/li>\n<li><strong>Sakrament Bierzmowania:<\/strong> B\u0119dzie udzielony w nast\u0119pn\u0105 niedziel\u0119 <span style=\"text-decoration: underline;\">5 czerwca o godz. 15:00<\/span> podczas Mszy \u015bw. w katedrze przez Biskupa Hugh ponad trzydziestu cz\u0142onkom naszej wsp\u00f3lnoty. Pro\u015bmy wytrwale Ducha \u015awi\u0119tego o dary dla nich!<\/li>\n<li><strong>Taca:<\/strong> W poprzedni\u0105 niedziel\u0119 wynios\u0142a w ko\u015bciele St. Peter\u2019s \u00a3226.10, a w katedrze \u00a3383.73. Za wszelkie ofiary na funkcjonowanie ko\u015bcio\u0142a i duszpasterstwa serdeczne <em>B\u00f3g zap\u0142a\u0107<\/em>.<\/li>\n<\/ol>\n","protected":false},"excerpt":{"rendered":"","protected":false},"author":4,"featured_media":3813,"comment_status":"closed","ping_status":"closed","sticky":false,"template":"","format":"standard","meta":{"_jetpack_memberships_contains_paid_content":false,"footnotes":""},"categories":[1],"tags":[],"class_list":["post-4076","post","type-post","status-publish","format-standard","has-post-thumbnail","hentry","category-aktualnosci"],"jetpack_featured_media_url":"https:\/\/i0.wp.com\/aberdeen-pl.rcda.scot\/wp-content\/uploads\/2022\/03\/loudspeaker-g537a03644_640.png?fit=347%2C336&ssl=1","jetpack_sharing_enabled":true,"_links":{"self":[{"href":"https:\/\/aberdeen-pl.rcda.scot\/index.php?rest_route=\/wp\/v2\/posts\/4076","targetHints":{"allow":["GET"]}}],"collection":[{"href":"https:\/\/aberdeen-pl.rcda.scot\/index.php?rest_route=\/wp\/v2\/posts"}],"about":[{"href":"https:\/\/aberdeen-pl.rcda.scot\/index.php?rest_route=\/wp\/v2\/types\/post"}],"author":[{"embeddable":true,"href":"https:\/\/aberdeen-pl.rcda.scot\/index.php?rest_route=\/wp\/v2\/users\/4"}],"replies":[{"embeddable":true,"href":"https:\/\/aberdeen-pl.rcda.scot\/index.php?rest_route=%2Fwp%2Fv2%2Fcomments&post=4076"}],"version-history":[{"count":4,"href":"https:\/\/aberdeen-pl.rcda.scot\/index.php?rest_route=\/wp\/v2\/posts\/4076\/revisions"}],"predecessor-version":[{"id":4079,"href":"https:\/\/aberdeen-pl.rcda.scot\/index.php?rest_route=\/wp\/v2\/posts\/4076\/revisions\/4079"}],"wp:featuredmedia":[{"embeddable":true,"href":"https:\/\/aberdeen-pl.rcda.scot\/index.php?rest_route=\/wp\/v2\/media\/3813"}],"wp:attachment":[{"href":"https:\/\/aberdeen-pl.rcda.scot\/index.php?rest_route=%2Fwp%2Fv2%2Fmedia&parent=4076"}],"wp:term":[{"taxonomy":"category","embeddable":true,"href":"https:\/\/aberdeen-pl.rcda.scot\/index.php?rest_route=%2Fwp%2Fv2%2Fcategories&post=4076"},{"taxonomy":"post_tag","embeddable":true,"href":"https:\/\/aberdeen-pl.rcda.scot\/index.php?rest_route=%2Fwp%2Fv2%2Ftags&post=4076"}],"curies":[{"name":"wp","href":"https:\/\/api.w.org\/{rel}","templated":true}]}}