{"id":4087,"date":"2022-06-05T01:00:15","date_gmt":"2022-06-05T00:00:15","guid":{"rendered":"https:\/\/aberdeen-pl.rcda.scot\/?p=4087"},"modified":"2022-06-05T07:54:43","modified_gmt":"2022-06-05T06:54:43","slug":"ogloszenia-duszpasterstwa-5-czerwca-2022-zeslanie-ducha-swietego","status":"publish","type":"post","link":"https:\/\/aberdeen-pl.rcda.scot\/?p=4087","title":{"rendered":"Og\u0142oszenia Duszpasterstwa 5 czerwca 2022 (Zes\u0142anie Ducha \u015awi\u0119tego)"},"content":{"rendered":"<p><!--more--><\/p>\n<ol>\n<li><strong>Serce spragnione mi\u0142o\u015bci:<\/strong> &#8230;wo\u0142a. Czerwiec jest szczeg\u00f3lnym miesi\u0105cem, kiedy zwracamy si\u0119 ku Sercu Jezusa, by wynagrodzi\u0107 za nasze i innych przewinienia rani\u0105ce to Serce. Jedn\u0105 z form uczczenia Serca Jezusa jest modlitwa litani\u0105. W ramach Duszpasterstwa modlimy si\u0119 t\u0105 litani\u0105 wsp\u00f3lnie po Mszy \u015bw. o godz. 9:30.<\/li>\n<li><strong>I Komunia \u015bwi\u0119ta:<\/strong> B\u0119dzie udzielona dzieciom podczas sobotniej i niedzielnej Mszy \u015bw. za dwa tygodnie. Z tego powodu niedzielna popo\u0142udniowa Msza \u015bw. <span style=\"text-decoration: underline;\">19 czerwca<\/span> w katedrze rozpocznie si\u0119 wcze\u015bniej: ju\u017c o godz. <span style=\"text-decoration: underline;\">14:00<\/span>.<\/li>\n<li><strong>Dzie\u0144 Rodziny w Pluscarden:<\/strong> Program niedzielny <span style=\"text-decoration: underline;\">26 czerwca<\/span> rozpocznie si\u0119 o godz. 12:00 (pocz\u0119stunek, mo\u017cliwo\u015b\u0107 obejrzenia opactwa, adorcja Naj\u015bwi\u0119tszego Sakramentu, mo\u017cliwo\u015b\u0107 spowiedzi \u015bw. i Msza \u015bw.). Szczeg\u00f3\u0142owy program <a href=\"https:\/\/aberdeen-pl.rcda.scot\/dzien-rodziny-w-pluscarden\/\" target=\"_blank\" rel=\"noopener\"><span style=\"text-decoration: underline;\"><strong><span style=\"color: red; text-decoration: underline;\">na stronie Duszpasterstwa<\/span><\/strong><\/span><\/a>. Wszyscy s\u0105 serdecznie zaproszeni. Dojazd indywidualny.<\/li>\n<li><strong>Taca:<\/strong> W zesz\u0142ym tygodniu wynios\u0142a w ko\u015bciele St. Peter\u2019s \u00a3201.66, a w katedrze \u00a3355.60. W ostatnim czasie do wi\u0119kszych nazdzwyczajnych wydatk\u00f3w nale\u017ca\u0142y wsp\u00f3lny piknik i \u015bwi\u0119towanie Dnia Dziecka. Za wszelkie ofiary na funkcjonowanie ko\u015bcio\u0142a i duszpasterstwa serdeczne <em>B\u00f3g zap\u0142a\u0107<\/em>.<\/li>\n<\/ol>\n","protected":false},"excerpt":{"rendered":"","protected":false},"author":4,"featured_media":3813,"comment_status":"closed","ping_status":"closed","sticky":false,"template":"","format":"standard","meta":{"_jetpack_memberships_contains_paid_content":false,"footnotes":""},"categories":[1],"tags":[],"class_list":["post-4087","post","type-post","status-publish","format-standard","has-post-thumbnail","hentry","category-aktualnosci"],"jetpack_featured_media_url":"https:\/\/i0.wp.com\/aberdeen-pl.rcda.scot\/wp-content\/uploads\/2022\/03\/loudspeaker-g537a03644_640.png?fit=347%2C336&ssl=1","jetpack_sharing_enabled":true,"_links":{"self":[{"href":"https:\/\/aberdeen-pl.rcda.scot\/index.php?rest_route=\/wp\/v2\/posts\/4087","targetHints":{"allow":["GET"]}}],"collection":[{"href":"https:\/\/aberdeen-pl.rcda.scot\/index.php?rest_route=\/wp\/v2\/posts"}],"about":[{"href":"https:\/\/aberdeen-pl.rcda.scot\/index.php?rest_route=\/wp\/v2\/types\/post"}],"author":[{"embeddable":true,"href":"https:\/\/aberdeen-pl.rcda.scot\/index.php?rest_route=\/wp\/v2\/users\/4"}],"replies":[{"embeddable":true,"href":"https:\/\/aberdeen-pl.rcda.scot\/index.php?rest_route=%2Fwp%2Fv2%2Fcomments&post=4087"}],"version-history":[{"count":5,"href":"https:\/\/aberdeen-pl.rcda.scot\/index.php?rest_route=\/wp\/v2\/posts\/4087\/revisions"}],"predecessor-version":[{"id":4104,"href":"https:\/\/aberdeen-pl.rcda.scot\/index.php?rest_route=\/wp\/v2\/posts\/4087\/revisions\/4104"}],"wp:featuredmedia":[{"embeddable":true,"href":"https:\/\/aberdeen-pl.rcda.scot\/index.php?rest_route=\/wp\/v2\/media\/3813"}],"wp:attachment":[{"href":"https:\/\/aberdeen-pl.rcda.scot\/index.php?rest_route=%2Fwp%2Fv2%2Fmedia&parent=4087"}],"wp:term":[{"taxonomy":"category","embeddable":true,"href":"https:\/\/aberdeen-pl.rcda.scot\/index.php?rest_route=%2Fwp%2Fv2%2Fcategories&post=4087"},{"taxonomy":"post_tag","embeddable":true,"href":"https:\/\/aberdeen-pl.rcda.scot\/index.php?rest_route=%2Fwp%2Fv2%2Ftags&post=4087"}],"curies":[{"name":"wp","href":"https:\/\/api.w.org\/{rel}","templated":true}]}}