{"id":4093,"date":"2022-06-03T11:19:28","date_gmt":"2022-06-03T10:19:28","guid":{"rendered":"https:\/\/aberdeen-pl.rcda.scot\/?p=4093"},"modified":"2022-06-16T00:14:37","modified_gmt":"2022-06-15T23:14:37","slug":"dzien-rodziny-w-pluscarden","status":"publish","type":"post","link":"https:\/\/aberdeen-pl.rcda.scot\/?p=4093","title":{"rendered":"Dzie\u0144 Rodziny w Pluscarden"},"content":{"rendered":"<p style=\"text-align: left;\">Biskup Hugh serdecznie zaprasza wszystkich na<br \/>\nDiecezjaln\u0105 Pielgrzymk\u0119 i Dzie\u0144 Rodziny <strong>w niedziel\u0119 26 czerwca <\/strong>w Opactwie Pluscarden.<\/p>\n<p><!--more--><\/p>\n<p style=\"text-align: right;\">Mo\u017cliwo\u015b\u0107 skorzystania z pocz\u0119stunku serwowanego przez opactwo<br \/>\nlub spo\u017cycia w\u0142asnego prowiantu b\u0119dzie od godz. 12:00.<\/p>\n<p>Dla chc\u0105cych jecha\u0107 z innymi autokarem, link do zapisania si\u0119 jest dost\u0119pny <a href=\"https:\/\/docs.google.com\/forms\/d\/e\/1FAIpQLSf9R4QyxP96UdP7teRTNMpipbdrLyNXGKJk8cKNOwEgBVq2Tw\/viewform\" target=\"_blank\" rel=\"noopener\"><span style=\"text-decoration: underline;\"><strong><span style=\"color: red; text-decoration: underline;\">TUTAJ<\/span><\/strong><\/span><\/a>.<\/p>\n<p><img data-recalc-dims=\"1\" loading=\"lazy\" decoding=\"async\" data-attachment-id=\"4095\" data-permalink=\"https:\/\/aberdeen-pl.rcda.scot\/?attachment_id=4095\" data-orig-file=\"https:\/\/i0.wp.com\/aberdeen-pl.rcda.scot\/wp-content\/uploads\/2022\/06\/Pluscarden-Pilgrimage-2022.png?fit=707%2C1000&amp;ssl=1\" data-orig-size=\"707,1000\" data-comments-opened=\"0\" data-image-meta=\"{&quot;aperture&quot;:&quot;0&quot;,&quot;credit&quot;:&quot;&quot;,&quot;camera&quot;:&quot;&quot;,&quot;caption&quot;:&quot;&quot;,&quot;created_timestamp&quot;:&quot;0&quot;,&quot;copyright&quot;:&quot;&quot;,&quot;focal_length&quot;:&quot;0&quot;,&quot;iso&quot;:&quot;0&quot;,&quot;shutter_speed&quot;:&quot;0&quot;,&quot;title&quot;:&quot;&quot;,&quot;orientation&quot;:&quot;0&quot;}\" data-image-title=\"Pluscarden Pilgrimage 2022\" data-image-description=\"\" data-image-caption=\"\" data-large-file=\"https:\/\/i0.wp.com\/aberdeen-pl.rcda.scot\/wp-content\/uploads\/2022\/06\/Pluscarden-Pilgrimage-2022.png?fit=640%2C905&amp;ssl=1\" class=\"wp-image-4095 aligncenter\" src=\"https:\/\/i0.wp.com\/aberdeen-pl.rcda.scot\/wp-content\/uploads\/2022\/06\/Pluscarden-Pilgrimage-2022.png?resize=584%2C826&#038;ssl=1\" alt=\"\" width=\"584\" height=\"826\" srcset=\"https:\/\/i0.wp.com\/aberdeen-pl.rcda.scot\/wp-content\/uploads\/2022\/06\/Pluscarden-Pilgrimage-2022.png?w=707&amp;ssl=1 707w, https:\/\/i0.wp.com\/aberdeen-pl.rcda.scot\/wp-content\/uploads\/2022\/06\/Pluscarden-Pilgrimage-2022.png?resize=212%2C300&amp;ssl=1 212w\" sizes=\"auto, (max-width: 584px) 100vw, 584px\" \/><\/p>\n","protected":false},"excerpt":{"rendered":"<p>Biskup Hugh serdecznie zaprasza wszystkich na Diecezjaln\u0105 Pielgrzymk\u0119 i Dzie\u0144 Rodziny w niedziel\u0119 26 czerwca w Opactwie Pluscarden.<\/p>\n","protected":false},"author":4,"featured_media":4094,"comment_status":"closed","ping_status":"closed","sticky":false,"template":"","format":"standard","meta":{"_jetpack_memberships_contains_paid_content":false,"footnotes":""},"categories":[1],"tags":[],"class_list":["post-4093","post","type-post","status-publish","format-standard","has-post-thumbnail","hentry","category-aktualnosci"],"jetpack_featured_media_url":"https:\/\/i0.wp.com\/aberdeen-pl.rcda.scot\/wp-content\/uploads\/2022\/06\/Pluscarden.jpg?fit=600%2C399&ssl=1","jetpack_sharing_enabled":true,"_links":{"self":[{"href":"https:\/\/aberdeen-pl.rcda.scot\/index.php?rest_route=\/wp\/v2\/posts\/4093","targetHints":{"allow":["GET"]}}],"collection":[{"href":"https:\/\/aberdeen-pl.rcda.scot\/index.php?rest_route=\/wp\/v2\/posts"}],"about":[{"href":"https:\/\/aberdeen-pl.rcda.scot\/index.php?rest_route=\/wp\/v2\/types\/post"}],"author":[{"embeddable":true,"href":"https:\/\/aberdeen-pl.rcda.scot\/index.php?rest_route=\/wp\/v2\/users\/4"}],"replies":[{"embeddable":true,"href":"https:\/\/aberdeen-pl.rcda.scot\/index.php?rest_route=%2Fwp%2Fv2%2Fcomments&post=4093"}],"version-history":[{"count":11,"href":"https:\/\/aberdeen-pl.rcda.scot\/index.php?rest_route=\/wp\/v2\/posts\/4093\/revisions"}],"predecessor-version":[{"id":4142,"href":"https:\/\/aberdeen-pl.rcda.scot\/index.php?rest_route=\/wp\/v2\/posts\/4093\/revisions\/4142"}],"wp:featuredmedia":[{"embeddable":true,"href":"https:\/\/aberdeen-pl.rcda.scot\/index.php?rest_route=\/wp\/v2\/media\/4094"}],"wp:attachment":[{"href":"https:\/\/aberdeen-pl.rcda.scot\/index.php?rest_route=%2Fwp%2Fv2%2Fmedia&parent=4093"}],"wp:term":[{"taxonomy":"category","embeddable":true,"href":"https:\/\/aberdeen-pl.rcda.scot\/index.php?rest_route=%2Fwp%2Fv2%2Fcategories&post=4093"},{"taxonomy":"post_tag","embeddable":true,"href":"https:\/\/aberdeen-pl.rcda.scot\/index.php?rest_route=%2Fwp%2Fv2%2Ftags&post=4093"}],"curies":[{"name":"wp","href":"https:\/\/api.w.org\/{rel}","templated":true}]}}