{"id":4118,"date":"2022-06-12T01:00:07","date_gmt":"2022-06-12T00:00:07","guid":{"rendered":"https:\/\/aberdeen-pl.rcda.scot\/?p=4118"},"modified":"2022-06-16T00:10:22","modified_gmt":"2022-06-15T23:10:22","slug":"ogloszenia-duszpasterstwa-12-czerwca-2022-uroczystosc-najswietszej-trojcy","status":"publish","type":"post","link":"https:\/\/aberdeen-pl.rcda.scot\/?p=4118","title":{"rendered":"Og\u0142oszenia Duszpasterstwa 12 czerwca 2022 (Uroczysto\u015b\u0107 Naj\u015bwi\u0119tszej Tr\u00f3jcy)"},"content":{"rendered":"<p><!--more--><\/p>\n<ol>\n<li><strong>Serce spragnione mi\u0142o\u015bci:<\/strong> &#8230;wo\u0142a. Czerwiec jest szczeg\u00f3lnym miesi\u0105cem, kiedy zwracamy si\u0119 ku Sercu Jezusa, by wynagrodzi\u0107 za nasze i innych przewinienia rani\u0105ce to Serce. Jedn\u0105 z form uczczenia Serca Jezusa jest modlitwa litani\u0105. W ramach Duszpasterstwa modlimy si\u0119 t\u0105 litani\u0105 wsp\u00f3lnie po Mszy \u015bw. o godz. 9:30.<\/li>\n<li><strong>I Komunia \u015bwi\u0119ta:<\/strong> B\u0119dzie udzielona dzieciom w przysz\u0142y weekend. Z tego powodu niedzielna popo\u0142udniowa Msza \u015bw. <span style=\"text-decoration: underline;\">19 czerwca<\/span> w katedrze rozpocznie si\u0119 wcze\u015bniej: ju\u017c o godz. <span style=\"text-decoration: underline;\">14:00<\/span>.<\/li>\n<li><strong>Dzie\u0144 Rodziny w Pluscarden:<\/strong> Zam\u00f3wione zosta\u0142y autokary na wyjazd do Pluscarden. W razie nieobecno\u015bci rodzic\u00f3w zapewniamy dzieciom ca\u0142odzienn\u0105 opiek\u0119. Link do zg\u0142oszenia si\u0119 do autobusu na Dzie\u0144 Rodziny jest dost\u0119pny dla wszystkich <a href=\"https:\/\/docs.google.com\/forms\/d\/e\/1FAIpQLSf9R4QyxP96UdP7teRTNMpipbdrLyNXGKJk8cKNOwEgBVq2Tw\/viewform\" target=\"_blank\" rel=\"noopener\"><span style=\"text-decoration: underline;\"><strong><span style=\"color: red; text-decoration: underline;\"><strong style=\"color: #333333;\"><span style=\"color: red; text-decoration: underline;\">TUTAJ<\/span><\/strong><\/span><\/strong><\/span><\/a>. Wyjazd sprzed Albyn School <u>w niedziel\u0119 26 czerwca o 11:00<\/u>, a powr\u00f3t o 20:00. Wszystkich pozosta\u0142ych zach\u0119camy do przyjazdu swoim samochodem.<\/li>\n<li><strong>Taca:<\/strong> W poprzedni\u0105 niedziel\u0119 wynios\u0142a w ko\u015bciele St. Peter\u2019s \u00a3238.10, a w katedrze \u00a3426.59. Za wszelkie ofiary na funkcjonowanie ko\u015bcio\u0142a i duszpasterstwa serdeczne <em>B\u00f3g zap\u0142a\u0107<\/em>.<\/li>\n<li><strong>Wyk\u0142ad o &#8220;Cichociemnych&#8221; i zbli\u017conej tematyce:<\/strong> B\u0119dzie wyg\u0142oszony przez dra S\u0142awomira \u0141anieckiego z Uniwersytetu Kazimierza Wielkiego w Bydgoszczy w poniedzia\u0142ek 13 czerwca o godz. 18:00 w Aberdeen Central Library .<\/li>\n<\/ol>\n","protected":false},"excerpt":{"rendered":"","protected":false},"author":4,"featured_media":3813,"comment_status":"closed","ping_status":"closed","sticky":false,"template":"","format":"standard","meta":{"_jetpack_memberships_contains_paid_content":false,"footnotes":""},"categories":[1],"tags":[],"class_list":["post-4118","post","type-post","status-publish","format-standard","has-post-thumbnail","hentry","category-aktualnosci"],"jetpack_featured_media_url":"https:\/\/i0.wp.com\/aberdeen-pl.rcda.scot\/wp-content\/uploads\/2022\/03\/loudspeaker-g537a03644_640.png?fit=347%2C336&ssl=1","jetpack_sharing_enabled":true,"_links":{"self":[{"href":"https:\/\/aberdeen-pl.rcda.scot\/index.php?rest_route=\/wp\/v2\/posts\/4118","targetHints":{"allow":["GET"]}}],"collection":[{"href":"https:\/\/aberdeen-pl.rcda.scot\/index.php?rest_route=\/wp\/v2\/posts"}],"about":[{"href":"https:\/\/aberdeen-pl.rcda.scot\/index.php?rest_route=\/wp\/v2\/types\/post"}],"author":[{"embeddable":true,"href":"https:\/\/aberdeen-pl.rcda.scot\/index.php?rest_route=\/wp\/v2\/users\/4"}],"replies":[{"embeddable":true,"href":"https:\/\/aberdeen-pl.rcda.scot\/index.php?rest_route=%2Fwp%2Fv2%2Fcomments&post=4118"}],"version-history":[{"count":6,"href":"https:\/\/aberdeen-pl.rcda.scot\/index.php?rest_route=\/wp\/v2\/posts\/4118\/revisions"}],"predecessor-version":[{"id":4140,"href":"https:\/\/aberdeen-pl.rcda.scot\/index.php?rest_route=\/wp\/v2\/posts\/4118\/revisions\/4140"}],"wp:featuredmedia":[{"embeddable":true,"href":"https:\/\/aberdeen-pl.rcda.scot\/index.php?rest_route=\/wp\/v2\/media\/3813"}],"wp:attachment":[{"href":"https:\/\/aberdeen-pl.rcda.scot\/index.php?rest_route=%2Fwp%2Fv2%2Fmedia&parent=4118"}],"wp:term":[{"taxonomy":"category","embeddable":true,"href":"https:\/\/aberdeen-pl.rcda.scot\/index.php?rest_route=%2Fwp%2Fv2%2Fcategories&post=4118"},{"taxonomy":"post_tag","embeddable":true,"href":"https:\/\/aberdeen-pl.rcda.scot\/index.php?rest_route=%2Fwp%2Fv2%2Ftags&post=4118"}],"curies":[{"name":"wp","href":"https:\/\/api.w.org\/{rel}","templated":true}]}}