{"id":4125,"date":"2022-06-19T01:00:57","date_gmt":"2022-06-19T00:00:57","guid":{"rendered":"https:\/\/aberdeen-pl.rcda.scot\/?p=4125"},"modified":"2022-06-18T10:07:21","modified_gmt":"2022-06-18T09:07:21","slug":"ogloszenia-duszpasterstwa-19-czerwca-2022-uroczystosc-najswietszego-ciala-i-krwi-chrystusa","status":"publish","type":"post","link":"https:\/\/aberdeen-pl.rcda.scot\/?p=4125","title":{"rendered":"Og\u0142oszenia Duszpasterstwa 19 czerwca 2022 (Uroczysto\u015b\u0107 Naj\u015bwi\u0119tszego Cia\u0142a i Krwi Chrystusa)"},"content":{"rendered":"<p><!--more--><\/p>\n<ol>\n<li style=\"list-style-type: none;\">\n<ol>\n<li><strong>Uroczysto\u015b\u0107 narodzenia \u015bw. Jana Chrzciciela:<\/strong> obchodzimy <span style=\"text-decoration: underline;\">w czwartek 23 czerwca<\/span>. W Aberdeen mo\u017cliwo\u015b\u0107 uczestniczenia w Mszach angloj\u0119zycznych jest np. o 10:00 (St. Francis, Our Lady of Aberdeen), 12:30 (St. Peter&#8217;s) i 18:00 (katedra St. Mary&#8217;s).<\/li>\n<li><strong>Uroczysto\u015b\u0107 Naj\u015bwi\u0119tszego Serca Pana Jezusa:<\/strong> \u015bwi\u0119tujemy <span style=\"text-decoration: underline;\">w pi\u0105tek 24 czerwca<\/span>. W jedno\u015bci z wieloma polskimi parafiami, gdzie w godzinach wieczornych nast\u0105pi po\u015bwi\u0119cenie Naj\u015bwi\u0119tszemu Sercu Jezusa, my r\u00f3wnie\u017c dokonamy aktu po\u015bwi\u0119cenia w szczeg\u00f3lno\u015bci tutejszych ma\u0142\u017ce\u0144stw, rodzin i Duszpasterstwa Polak\u00f3w w Aberdeen oko\u0142o godz. 20:00, pod koniec Mszy \u015bw., kt\u00f3r\u0105 rozpoczniemy <span style=\"text-decoration: underline;\">o godz. 19:30 w St. Peter&#8217;s<\/span>.<\/li>\n<li><strong>Dzie\u0144 Rodziny w Pluscarden za tydzie\u0144:\u00a0<\/strong>S\u0105 jeszcze wolne miejsca w zam\u00f3wionych autokarach na wyjazd do Pluscarden. W razie nieobecno\u015bci rodzic\u00f3w zapewniamy dzieciom ca\u0142odzienn\u0105 opiek\u0119. Link do zg\u0142oszenia si\u0119 do autobusu na Dzie\u0144 Rodziny jest dost\u0119pny dla wszystkich <a href=\"https:\/\/docs.google.com\/forms\/d\/e\/1FAIpQLSf9R4QyxP96UdP7teRTNMpipbdrLyNXGKJk8cKNOwEgBVq2Tw\/viewform\" target=\"_blank\" rel=\"noopener\"><span style=\"text-decoration: underline;\"><strong><span style=\"color: red; text-decoration: underline;\"><strong style=\"color: #333333;\"><span style=\"color: red; text-decoration: underline;\">TUTAJ<\/span><\/strong><\/span><\/strong><\/span><\/a>. Wyjazd sprzed Albyn School <u>w niedziel\u0119 26 czerwca o 11:00<\/u>, a powr\u00f3t o 20:00. Wszystkich pozosta\u0142ych zach\u0119camy do przyjazdu swoim samochodem.<\/li>\n<li><strong>Katolickie lekcje religii dla Secondary:<\/strong> Po wakacjach <span style=\"text-decoration: underline;\">od dnia 29 sierpnia<\/span> 2022 miasto Aberdeen wznawia program katolickich lekcji religii dla uczni\u00f3w szk\u00f3\u0142 \u015brednich (S1-S4). Odbywa\u0107 si\u0119 b\u0119d\u0105 w j. angielskim w Harlaw Academy od 16:00 do 17:00; w poniedzia\u0142ki dla uczni\u00f3w S1-S2, a we wtorki S3-S4. Program nauczania jest zatwierdzony przez Katolickich Biskup\u00f3w w Szkocji. Zapisy bezpo\u015brednio poprzez nast\u0119puj\u0105cy link: <a href=\"https:\/\/glo.li\/rcre2022\" target=\"_blank\" rel=\"noopener\"><span style=\"text-decoration: underline;\"><strong><span style=\"color: red; text-decoration: underline;\">https:\/\/glo.li\/rcre2022<\/span><\/strong><\/span><\/a><\/li>\n<li><strong>Taca:<\/strong> W poprzedni\u0105 niedziel\u0119 wynios\u0142a w ko\u015bciele St. Peter\u2019s \u00a3207.30, a w katedrze \u00a3411.69. Za wszelkie ofiary na funkcjonowanie ko\u015bcio\u0142a i duszpasterstwa serdeczne <em>B\u00f3g zap\u0142a\u0107<\/em>.<\/li>\n<li><strong>Cichociemni:<\/strong> Im po\u015bwi\u0119cona wystawa o nazwie &#8220;Win Her Freedom or Die&#8221; jest wci\u0105\u017c do obejrzenia w Aberdeen Central Library (II pi\u0119tro) do 9 lipca 2022.<\/li>\n<\/ol>\n<\/li>\n<\/ol>\n","protected":false},"excerpt":{"rendered":"","protected":false},"author":4,"featured_media":3813,"comment_status":"closed","ping_status":"closed","sticky":false,"template":"","format":"standard","meta":{"_jetpack_memberships_contains_paid_content":false,"footnotes":""},"categories":[1],"tags":[],"class_list":["post-4125","post","type-post","status-publish","format-standard","has-post-thumbnail","hentry","category-aktualnosci"],"jetpack_featured_media_url":"https:\/\/i0.wp.com\/aberdeen-pl.rcda.scot\/wp-content\/uploads\/2022\/03\/loudspeaker-g537a03644_640.png?fit=347%2C336&ssl=1","jetpack_sharing_enabled":true,"_links":{"self":[{"href":"https:\/\/aberdeen-pl.rcda.scot\/index.php?rest_route=\/wp\/v2\/posts\/4125","targetHints":{"allow":["GET"]}}],"collection":[{"href":"https:\/\/aberdeen-pl.rcda.scot\/index.php?rest_route=\/wp\/v2\/posts"}],"about":[{"href":"https:\/\/aberdeen-pl.rcda.scot\/index.php?rest_route=\/wp\/v2\/types\/post"}],"author":[{"embeddable":true,"href":"https:\/\/aberdeen-pl.rcda.scot\/index.php?rest_route=\/wp\/v2\/users\/4"}],"replies":[{"embeddable":true,"href":"https:\/\/aberdeen-pl.rcda.scot\/index.php?rest_route=%2Fwp%2Fv2%2Fcomments&post=4125"}],"version-history":[{"count":15,"href":"https:\/\/aberdeen-pl.rcda.scot\/index.php?rest_route=\/wp\/v2\/posts\/4125\/revisions"}],"predecessor-version":[{"id":4166,"href":"https:\/\/aberdeen-pl.rcda.scot\/index.php?rest_route=\/wp\/v2\/posts\/4125\/revisions\/4166"}],"wp:featuredmedia":[{"embeddable":true,"href":"https:\/\/aberdeen-pl.rcda.scot\/index.php?rest_route=\/wp\/v2\/media\/3813"}],"wp:attachment":[{"href":"https:\/\/aberdeen-pl.rcda.scot\/index.php?rest_route=%2Fwp%2Fv2%2Fmedia&parent=4125"}],"wp:term":[{"taxonomy":"category","embeddable":true,"href":"https:\/\/aberdeen-pl.rcda.scot\/index.php?rest_route=%2Fwp%2Fv2%2Fcategories&post=4125"},{"taxonomy":"post_tag","embeddable":true,"href":"https:\/\/aberdeen-pl.rcda.scot\/index.php?rest_route=%2Fwp%2Fv2%2Ftags&post=4125"}],"curies":[{"name":"wp","href":"https:\/\/api.w.org\/{rel}","templated":true}]}}