{"id":4146,"date":"2022-06-16T23:57:33","date_gmt":"2022-06-16T22:57:33","guid":{"rendered":"https:\/\/aberdeen-pl.rcda.scot\/?p=4146"},"modified":"2022-06-17T00:01:21","modified_gmt":"2022-06-16T23:01:21","slug":"boze-cialo-w-katedrze","status":"publish","type":"post","link":"https:\/\/aberdeen-pl.rcda.scot\/?p=4146","title":{"rendered":"Bo\u017ce Cia\u0142o w katedrze"},"content":{"rendered":"<p>W niekt\u00f3rych krajach, jak i w Polsce, Bo\u017ce Cia\u0142o obchodzone jest w czwartek po Uroczysto\u015bci Naj\u015bwi\u0119tszej Tr\u00f3jcy, czyli dzisiaj.<\/p>\n<p><!--more--><\/p>\n<p>W innych krajach, g\u0142\u00f3wnie ze wzgl\u0119du na dzie\u0144 pracuj\u0105cy, lokalni biskupi przenie\u015bli t\u0119 uroczysto\u015b\u0107 na najbi\u017csz\u0105 niedziel\u0119. Tak jest i w Szkocji.<\/p>\n<p>Ze wzgl\u0119du na to, \u017ce w\u0142adze miasta Aberdeen nie zd\u0105\u017cy\u0142y wyda\u0107 wymaganej zgody, zapowiadana wcze\u015bniej pierwsza od d\u0142ugiego czasu procesja Bo\u017cego Cia\u0142a ulicami w pobli\u017cu katedry, nie p\u00f3jdzie okolicznymi ulicami, ale odb\u0119dzie si\u0119 jedynie wewn\u0105trz katedry St. Mary&#8217;s. Serdecznie zapraszamy wszystkich pragn\u0105cych procesj\u0105 eucharystyczn\u0105 dodatkowo uczci\u0107 Naj\u015bwi\u0119tsze Cia\u0142o i Krew Chrystusa na Msz\u0119 \u015bwi\u0119t\u0105 wraz z Biskupem Hugh <strong>19 czerwca na godzinie 11:00<\/strong> (j. angielski). Procesja odb\u0119dzie si\u0119 przy ko\u0144cu Mszy \u015bw. Procesji Bo\u017cego Cia\u0142a po ulicach Aberdeen spodziewamy si\u0119 w roku 2023.<\/p>\n","protected":false},"excerpt":{"rendered":"<p>W niekt\u00f3rych krajach, jak i w Polsce, Bo\u017ce Cia\u0142o obchodzone jest w czwartek po Uroczysto\u015bci Naj\u015bwi\u0119tszej Tr\u00f3jcy, czyli dzisiaj.<\/p>\n","protected":false},"author":4,"featured_media":4147,"comment_status":"closed","ping_status":"closed","sticky":false,"template":"","format":"standard","meta":{"_jetpack_memberships_contains_paid_content":false,"footnotes":""},"categories":[1],"tags":[],"class_list":["post-4146","post","type-post","status-publish","format-standard","has-post-thumbnail","hentry","category-aktualnosci"],"jetpack_featured_media_url":"https:\/\/i0.wp.com\/aberdeen-pl.rcda.scot\/wp-content\/uploads\/2022\/06\/corpus-christi-gb672a79c7_640.jpg?fit=640%2C480&ssl=1","jetpack_sharing_enabled":true,"_links":{"self":[{"href":"https:\/\/aberdeen-pl.rcda.scot\/index.php?rest_route=\/wp\/v2\/posts\/4146","targetHints":{"allow":["GET"]}}],"collection":[{"href":"https:\/\/aberdeen-pl.rcda.scot\/index.php?rest_route=\/wp\/v2\/posts"}],"about":[{"href":"https:\/\/aberdeen-pl.rcda.scot\/index.php?rest_route=\/wp\/v2\/types\/post"}],"author":[{"embeddable":true,"href":"https:\/\/aberdeen-pl.rcda.scot\/index.php?rest_route=\/wp\/v2\/users\/4"}],"replies":[{"embeddable":true,"href":"https:\/\/aberdeen-pl.rcda.scot\/index.php?rest_route=%2Fwp%2Fv2%2Fcomments&post=4146"}],"version-history":[{"count":7,"href":"https:\/\/aberdeen-pl.rcda.scot\/index.php?rest_route=\/wp\/v2\/posts\/4146\/revisions"}],"predecessor-version":[{"id":4155,"href":"https:\/\/aberdeen-pl.rcda.scot\/index.php?rest_route=\/wp\/v2\/posts\/4146\/revisions\/4155"}],"wp:featuredmedia":[{"embeddable":true,"href":"https:\/\/aberdeen-pl.rcda.scot\/index.php?rest_route=\/wp\/v2\/media\/4147"}],"wp:attachment":[{"href":"https:\/\/aberdeen-pl.rcda.scot\/index.php?rest_route=%2Fwp%2Fv2%2Fmedia&parent=4146"}],"wp:term":[{"taxonomy":"category","embeddable":true,"href":"https:\/\/aberdeen-pl.rcda.scot\/index.php?rest_route=%2Fwp%2Fv2%2Fcategories&post=4146"},{"taxonomy":"post_tag","embeddable":true,"href":"https:\/\/aberdeen-pl.rcda.scot\/index.php?rest_route=%2Fwp%2Fv2%2Ftags&post=4146"}],"curies":[{"name":"wp","href":"https:\/\/api.w.org\/{rel}","templated":true}]}}