{"id":4177,"date":"2022-06-20T16:33:29","date_gmt":"2022-06-20T15:33:29","guid":{"rendered":"https:\/\/aberdeen-pl.rcda.scot\/?p=4177"},"modified":"2022-06-20T16:33:29","modified_gmt":"2022-06-20T15:33:29","slug":"list-pasterski-biskupow-szkocji","status":"publish","type":"post","link":"https:\/\/aberdeen-pl.rcda.scot\/?p=4177","title":{"rendered":"List pasterski Biskup\u00f3w Szkocji"},"content":{"rendered":"<p>Drodzy Bracia i Siostry,<\/p>\n<p><!--more--><\/p>\n<p><em>\u201e<\/em><em>Kielich b\u0142ogos\u0142awie\u0144stwa, kt\u00f3ry b\u0142ogos\u0142awimy, czy nie jest udzia\u0142em we Krwi Chrystusa? Chleb, kt\u00f3ry \u0142amiemy, czy\u017c nie jest udzia\u0142em w Ciele Chrystusa?\u00a0 Poniewa\u017c jeden jest chleb, przeto my, liczni, tworzymy jedno Cia\u0142o. Wszyscy bowiem bierzemy z tego samego chleba.\u201d (1 Kor 10:12-13)<\/em><\/p>\n<p>\u015aw. Pawe\u0142 m\u00f3wi tutaj o celebracji Wieczerzy Pa\u0144skiej, Eucharystii oraz o jedno\u015bci, kt\u00f3r\u0105 ona symbolizuje i przynosi. Jego s\u0142owa s\u0105 na czasie w obliczu pandemii \u2013 pandemii, kt\u00f3ra dotkn\u0119\u0142a nas wszystkich, niekt\u00f3rych szczeg\u00f3lnie okrutnie; pandemii, kt\u00f3ra nawet oddzieli\u0142a nas od celebracji Mszy, a wi\u0119c od siebie nawzajem. Musimy ponownie si\u0119 zjednoczy\u0107 i odzyska\u0107 nasz\u0105 \u201ekomuni\u0119 w ciele Chrystusa\u201d.<\/p>\n<p>W uroczysto\u015b\u0107 Cia\u0142a i Krwi Chrystusa biskupi Szkocji chc\u0105 g\u0142osi\u0107 prawd\u0119, dobro i pi\u0119kno Eucharystii i zach\u0119ca\u0107 wszystkich wiernych, aby ponownie skupili swoje \u017cycie na jej celebracji. Podczas Mszy \u015bw. niezapomnianej liturgii w Bellahouston Park w dniu 1 czerwca 1982 r. Papie\u017c \u015bw. Jan Pawe\u0142 II udzieli\u0142 tej prostej rady: <em>\u201eB\u0105d\u017acie wierni swoim codziennym modlitwom, Mszy \u015bw. i Sakramentowi Pokuty, spotykaj\u0105c si\u0119 regularnie z Jezusem jako kochaj\u0105cym i mi\u0142osiernym Zbawicielem\u201d.<\/em> 40 lat p\u00f3\u017aniej biskupi Szkocji chc\u0105 powt\u00f3rzy\u0107 ten apel. Eucharystia jest tajemnic\u0105, w kt\u00f3r\u0105 nale\u017cy wierzy\u0107, celebrowa\u0107 i prze\u017cywa\u0107.<\/p>\n<p>&nbsp;<\/p>\n<p><em>Tajemnica, w kt\u00f3r\u0105 nale\u017cy wierzy\u0107<\/em><\/p>\n<p>Zapowiedziana w Starym Testamencie i kilku epizodach ewangelicznych, Eucharystia zosta\u0142a ustanowiona przez Pana podczas Ostatniej Wieczerzy i przekazana aposto\u0142om, aby j\u0105 celebrowali jako Jego upami\u0119tnienie. Eucharystia ma wiele wymiar\u00f3w. To dzi\u0119kczynienie i uwielbienie Ojca. Jest to pami\u0105tka Paschy Chrystusa, uobecnianie i sakramentalne ofiarowanie Jego jedynej ofiary, umo\u017cliwiaj\u0105ce zjednoczenie Ko\u015bcio\u0142a ze zbawczym darem z siebie na przestrzeni wiek\u00f3w. Jest to obecno\u015b\u0107 Chrystusa moc\u0105 Jego s\u0142owa i Jego Ducha \u015awi\u0119tego. Jest to uczta paschalna, podczas kt\u00f3rej spo\u017cywamy Jego Cia\u0142o i pijemy Jego Krew, stajemy si\u0119 Jego Cia\u0142em i dziedzicami zmartwychwstania.<\/p>\n<p>Eucharystia jest szczytem i \u017ar\u00f3d\u0142em, sercem i centrum naszego \u017cycia chrze\u015bcija\u0144skiego. Podobnie jak rytmiczne bicie naszych serc wci\u0105ga \u017cyciodajn\u0105 krew, aby wys\u0142a\u0107 j\u0105 oczyszczon\u0105 i ponownie natlenion\u0105, tak kult eucharystyczny wci\u0105ga nasze \u017cycie do serca Boga i nape\u0142nia je Duchem \u015awi\u0119tym.<\/p>\n<p><em>\u00a0<\/em><\/p>\n<p><em>Tajemnica, kt\u00f3r<\/em><em>\u0105 nale\u017cy celebrowa\u0107<\/em><\/p>\n<p>Do\u015bwiadczamy tego szczeg\u00f3lnie podczas niedzielnej Mszy \u015bw. \u015aw. Ignacy z Antiochii, m\u0119czennik wczesnego chrze\u015bcija\u0144stwa, rozumia\u0142 chrze\u015bcija\u0144stwo jako \u201e\u017cycie wed\u0142ug Dnia Pa\u0144skiego\u201d. Mia\u0142 na my\u015bli, \u017ce chrze\u015bcijanie czerpi\u0105 si\u0142\u0119 ze spotkania ze zmartwychwsta\u0142ym Chrystusem w niedzielnej celebracji Eucharystii.<\/p>\n<p>Przypomnijmy tutaj, w co wchodzimy na Mszy \u015bw.<\/p>\n<p>Przychodzimy do ko\u015bcio\u0142a, r\u00f3\u017cni na sw\u00f3j spos\u00f3b. Przychodzimy z w\u0142asnej woli, ale tak\u017ce poruszeni Duchem \u015awi\u0119tym. W pocz\u0105tkowych momentach Mszy Duch \u015awi\u0119ty o\u017cywia nasz\u0105 wsp\u00f3ln\u0105 wiar\u0119, jednoczy nas i prowadzi nas, pojednanych grzesznik\u00f3w, przed Pana. Nie jeste\u015bmy ju\u017c zamkni\u0119ci we w\u0142asnych sprawach i problemach. Jeste\u015bmy teraz wsp\u00f3lnot\u0105 kultu, zgromadzonym w jednym miejscu Ko\u015bcio\u0142em, zwracaj\u0105cym si\u0119 do swego Pana. Kiedy Msza jest pe\u0142na muzyki i \u015bpiewu, czujemy to jeszcze bardziej.<\/p>\n<p>W Liturgii S\u0142owa \u017cywe S\u0142owo Bo\u017ce zwraca si\u0119 do nas. Jest g\u0142oszone w Pi\u015bmie \u015awi\u0119tym i po\u0142\u0105czone z naszym \u017cyciem przez homili\u0119. W wyznaniu wiary i modlitwie wiernych odpowiadamy wiar\u0105 i modlitw\u0105.<\/p>\n<p>W Liturgii Eucharystii jeste\u015bmy jeszcze bardziej wci\u0105gani w rzeczywisto\u015b\u0107 Chrystusa. W chlebie i winie ofiarowanym Panu podczas ofiarowania niesiemy Ojcu dary natury, nasz\u0105 ludzk\u0105 prac\u0119 oraz rado\u015bci i trudy naszego \u017cycia. W Modlitwie Eucharystycznej ten chleb i wino przemieniaj\u0105 si\u0119 moc\u0105 Ducha \u015awi\u0119tego w Cia\u0142o Chrystusa wydane za nas i Jego Krew przelan\u0105 za nas. Poniewa\u017c ofiara Chrystusa jest upami\u0119tniana i uobecniana w\u015br\u00f3d nas, ca\u0142y Ko\u015bci\u00f3\u0142 i ka\u017cdy z nas sk\u0142ada nasze Amen i staje si\u0119 ofiar\u0105 mi\u0142\u0105 Bogu. Przez Chrystusa, z Chrystusem i w Chrystusie sk\u0142adamy Ojcu dzi\u0119kczynienie w jedno\u015bci z anio\u0142ami i \u015bwi\u0119tymi, wraz z nasz\u0105 modlitw\u0105 za \u017cywych i umar\u0142ych, za Ko\u015bci\u00f3\u0142 i \u015bwiat.<\/p>\n<p>W obrz\u0119dzie komunii modlimy si\u0119 o przebaczenie i pok\u00f3j i przychodzimy do Sto\u0142u Pa\u0144skiego, wezwani na Jego Wieczerz\u0119. Zmartwychwsta\u0142y Pan, prawdziwy Baranek Paschalny, przychodzi, aby nas karmi\u0107 sob\u0105. Nawet je\u015bli nie mo\u017cemy przyj\u0105\u0107 Go sakramentalnie, nigdy nie jeste\u015bmy pozbawieni Jego b\u0142ogos\u0142awie\u0144stwa. W ko\u0144cowym b\u0142ogos\u0142awie\u0144stwie i rozes\u0142aniu jeste\u015bmy pos\u0142ani, aby \u017cy\u0107 tym, w czym uczestniczyli\u015bmy i co otrzymali\u015bmy.<\/p>\n<p><em>\u00a0<\/em><\/p>\n<p><em>Tajemnica, kt\u00f3r\u0105 nale\u017cy prze\u017cywa\u0107<\/em><\/p>\n<p>Eucharystia nie ko\u0144czy si\u0119 wraz z Msz\u0105 \u015bw. Przed\u0142u\u017ca si\u0119 ona, na przyk\u0142ad, w adoracji Naj\u015bwi\u0119tszego Sakramentu, do kt\u00f3rej gor\u0105co zach\u0119camy. Eucharystia ma r\u00f3wnie\u017c rozszerza\u0107 si\u0119 na ca\u0142e nasze \u017cycie jako cz\u0142onk\u00f3w Ko\u015bcio\u0142a. Poprzez Eucharysti\u0119 stajemy si\u0119 tym, co otrzymujemy, czyli Cia\u0142em Chrystusa. Nie ma zak\u0105tka naszego cz\u0142owiecze\u0144stwa i naszego \u017cycia chrze\u015bcija\u0144skiego, do kt\u00f3rego Eucharystia nie mog\u0142aby wej\u015b\u0107, oczy\u015bci\u0107 i wynie\u015b\u0107 na nowy poziom. Ka\u017cde zaanga\u017cowanie w modlitw\u0119, \u017cycie wsp\u00f3lnotowe, w\u0142asn\u0105 rodzin\u0119 i przyjaci\u00f3\u0142 lub nasz\u0105 prac\u0119 mo\u017ce by\u0107 przez ni\u0105 inspirowane i karmione. Ka\u017cda forma troski, zadanie nauczania i wychowania, ka\u017cda forma s\u0142u\u017cby spo\u0142ecznej czy duszpasterskiej mo\u017ce sta\u0107 si\u0119 cz\u0119\u015bci\u0105 \u201e\u017cycia Dniem Pa\u0144skim\u201d i by\u0107 oznak\u0105 daru z siebie, daru samego Chrystusa. Moc Eucharystii mo\u017ce podsyca\u0107 ka\u017cde pragnienie jedno\u015bci chrze\u015bcijan lub g\u0142\u0119bszych relacji z innymi wyznaniami; pragnienie sprawiedliwo\u015bci spo\u0142ecznej lub niesienia pomocy ubogim i zepchni\u0119tym na margines. \u201eJest tak\u017ce \u017ar\u00f3d\u0142em \u015bwiat\u0142a i motywacji dla naszej troski o naturalne \u015brodowisko, aby\u015bmy podejmowali odpowiedzialno\u015b\u0107 za ca\u0142e stworzenie\u201d.<\/p>\n<p>Dzi\u0119ki Eucharystii te wszystkie wysi\u0142ki staj\u0105 si\u0119 czym\u015b wi\u0119cej ni\u017c sprawami osobistymi; zostaj\u0105 wci\u0105gni\u0119te w mi\u0142o\u015b\u0107 Chrystusa; staj\u0105 si\u0119 cz\u0119\u015bci\u0105 \u017cycia Ko\u015bcio\u0142a, Cia\u0142a i Oblubienicy Chrystusa w \u015bwiecie. Obecno\u015b\u0107 Chrystusa rozci\u0105ga si\u0119 na ca\u0142e \u017cycie. Proces synodalny, do kt\u00f3rego wzywa nas papie\u017c Franciszek, mo\u017ce r\u00f3wnie\u017c znale\u017a\u0107 sw\u00f3j wz\u00f3r w aktywnym udziale w liturgii. Nawet trud i rutyna codziennego \u017cycia nabieraj\u0105 g\u0142\u0119bszego znaczenia w ofierze Chrystusa. I nie ma cierpienia, kt\u00f3rego nie ogarn\u0119\u0142oby jego Serce. Dzi\u0119ki rado\u015bci Eucharystii, \u201elekarstwu nie\u015bmiertelno\u015bci\u201d, nawet \u015bmier\u0107 traci swoj\u0105 moc, czego do\u015bwiadczamy podczas Mszy \u017ca\u0142obnej.<\/p>\n<p>Dlatego my jako Wasi Biskupi, pragniemy, aby wielki dar eucharystyczny Chrystusa by\u0142 nieustannie uznawany w wierze, celebrowany na modlitwie i prze\u017cywany w mi\u0142o\u015bci. Zach\u0119camy wszystkich, a zw\u0142aszcza nasze rodziny i m\u0142odzie\u017c, aby \u017cy\u0142y Dniem Pa\u0144skim. Prosimy o modlitw\u0119 o powo\u0142ania do kap\u0142a\u0144stwa. Modlimy si\u0119, aby Eucharystia coraz bardziej nas zadziwia\u0142a, \u201eoczekuj\u0105c b\u0142ogos\u0142awionej nadziei i objawienia si\u0119 chwa\u0142y wielkiego Boga i Zbawiciela naszego, Jezusa Chrystusa\u201d.<\/p>\n<p style=\"text-align: right;\"><em>Oddani w Chrystusie: Katoliccy Biskupi Szkocji<\/em><\/p>\n","protected":false},"excerpt":{"rendered":"<p>Drodzy Bracia i Siostry,<\/p>\n","protected":false},"author":4,"featured_media":3238,"comment_status":"closed","ping_status":"closed","sticky":false,"template":"","format":"standard","meta":{"_jetpack_memberships_contains_paid_content":false,"footnotes":""},"categories":[1],"tags":[],"class_list":["post-4177","post","type-post","status-publish","format-standard","has-post-thumbnail","hentry","category-aktualnosci"],"jetpack_featured_media_url":"https:\/\/i0.wp.com\/aberdeen-pl.rcda.scot\/wp-content\/uploads\/2021\/11\/Bishops_Conference_of_Scotland.jpg?fit=79%2C150&ssl=1","jetpack_sharing_enabled":true,"_links":{"self":[{"href":"https:\/\/aberdeen-pl.rcda.scot\/index.php?rest_route=\/wp\/v2\/posts\/4177","targetHints":{"allow":["GET"]}}],"collection":[{"href":"https:\/\/aberdeen-pl.rcda.scot\/index.php?rest_route=\/wp\/v2\/posts"}],"about":[{"href":"https:\/\/aberdeen-pl.rcda.scot\/index.php?rest_route=\/wp\/v2\/types\/post"}],"author":[{"embeddable":true,"href":"https:\/\/aberdeen-pl.rcda.scot\/index.php?rest_route=\/wp\/v2\/users\/4"}],"replies":[{"embeddable":true,"href":"https:\/\/aberdeen-pl.rcda.scot\/index.php?rest_route=%2Fwp%2Fv2%2Fcomments&post=4177"}],"version-history":[{"count":1,"href":"https:\/\/aberdeen-pl.rcda.scot\/index.php?rest_route=\/wp\/v2\/posts\/4177\/revisions"}],"predecessor-version":[{"id":4178,"href":"https:\/\/aberdeen-pl.rcda.scot\/index.php?rest_route=\/wp\/v2\/posts\/4177\/revisions\/4178"}],"wp:featuredmedia":[{"embeddable":true,"href":"https:\/\/aberdeen-pl.rcda.scot\/index.php?rest_route=\/wp\/v2\/media\/3238"}],"wp:attachment":[{"href":"https:\/\/aberdeen-pl.rcda.scot\/index.php?rest_route=%2Fwp%2Fv2%2Fmedia&parent=4177"}],"wp:term":[{"taxonomy":"category","embeddable":true,"href":"https:\/\/aberdeen-pl.rcda.scot\/index.php?rest_route=%2Fwp%2Fv2%2Fcategories&post=4177"},{"taxonomy":"post_tag","embeddable":true,"href":"https:\/\/aberdeen-pl.rcda.scot\/index.php?rest_route=%2Fwp%2Fv2%2Ftags&post=4177"}],"curies":[{"name":"wp","href":"https:\/\/api.w.org\/{rel}","templated":true}]}}