{"id":4180,"date":"2022-06-26T01:00:28","date_gmt":"2022-06-26T00:00:28","guid":{"rendered":"https:\/\/aberdeen-pl.rcda.scot\/?p=4180"},"modified":"2022-06-26T08:16:28","modified_gmt":"2022-06-26T07:16:28","slug":"ogloszenia-duszpasterstwa-26-czerwca-2022","status":"publish","type":"post","link":"https:\/\/aberdeen-pl.rcda.scot\/?p=4180","title":{"rendered":"Og\u0142oszenia Duszpasterstwa 26 czerwca 2022"},"content":{"rendered":"<p><!--more--><\/p>\n<ol>\n<li style=\"list-style-type: none;\">\n<ol>\n<li><strong>List Katolickich Biskup\u00f3w Szkocji o Eucharystii<\/strong>: Dost\u0119pny jest <a href=\"https:\/\/aberdeen-pl.rcda.scot\/list-pasterski-biskupow-szkocji\/\" target=\"_blank\" rel=\"noopener\"><span style=\"text-decoration: underline;\"><strong><span style=\"color: red; text-decoration: underline;\">na stronie Duszpasterstwa<\/span><\/strong><\/span><\/a>.<\/li>\n<li><strong>Uroczysto\u015b\u0107 \u015awi\u0119tych Aposto\u0142\u00f3w Piotra i Paw\u0142a 29 czerwca:<\/strong> Ze wzgl\u0119du na powag\u0119 tej uroczysto\u015bci, dla mog\u0105cych wzi\u0105\u0107 udzia\u0142 we Mszy \u015bw. jest to uroczysto\u015b\u0107 obowi\u0105zkowa. W Aberdeen b\u0119dzie mo\u017cliwo\u015b\u0107 uczestnictwa w angloj\u0119zycznych Mszach m.in. w Sacred Heart (we wtorek, Msza wigilijna o 19:30), odpustowa Msza w St. Peter&#8217;s (w \u015brod\u0119 o 12:30) oraz w katedrze St. Mary&#8217;s (w \u015brod\u0119 o 18:00).<\/li>\n<li><strong>Czwartkowy sakrament pojednania przed Pierwszym Pi\u0105tkiem w katedrze:<\/strong> Mo\u017cliwo\u015b\u0107 spowiedzi \u015bw. b\u0119dzie po Mszy \u015bw. wieczornej 30 czerwca, czyli od 18:45 do ostatniego penitenta w kaplicy adoracji wewn\u0105trz katedry.<\/li>\n<li><strong>Pierwszy Pi\u0105tek w St. Peter&#8217;s:<\/strong> Mo\u017cliwo\u015b\u0107 adoracji Naj\u015bwi\u0119tszego Sakramentu b\u0119dzie od 17:30 do 18:30 (w tym czasie mo\u017cliwo\u015b\u0107 skorzystania z sakramentu pojednania w zakrystii, o 18:15 Litania do Naj\u015bwi\u0119tszego Serca Pana Jezusa, a potem Eucharystia o 18:30.<\/li>\n<li><b>Bierzmowanie 2023: <\/b>Wst\u0119pne zapisy na roczny kurs przygotowawczy s\u0105 ju\u017c mo\u017cliwe <a href=\"https:\/\/aberdeen-pl.rcda.scot\/bierzmowanie-2\/\" target=\"_blank\" rel=\"noopener\"><span style=\"text-decoration: underline;\"><strong><span style=\"color: red; text-decoration: underline;\">z pomoc\u0105 formularza<\/span><\/strong><\/span><\/a> na stronie Duszpasterstwa. Zapisy dotycz\u0105 tak uczni\u00f3w Polskiej Szko\u0142y, jak i wszystkich innych, kt\u00f3rzy wyra\u017caj\u0105 pragnienie przyj\u0119cia tego sakramentu w przysz\u0142ym roku. Mo\u017cliwo\u015b\u0107 zg\u0142oszenia ko\u0144czy si\u0119 31 sierpnia 2022.<\/li>\n<li><strong>Taca:<\/strong> W poprzedni\u0105 niedziel\u0119 wynios\u0142a w ko\u015bciele St. Peter\u2019s \u00a3261.00, a w katedrze \u00a3561.47. Za wszelkie ofiary na funkcjonowanie ko\u015bcio\u0142a i duszpasterstwa serdeczne <em>B\u00f3g zap\u0142a\u0107<\/em>.<\/li>\n<li><strong>Cichociemni:<\/strong> Im po\u015bwi\u0119cona wystawa o nazwie &#8220;Win Her Freedom or Die&#8221; jest wci\u0105\u017c do obejrzenia w Aberdeen Central Library (II pi\u0119tro) do 9 lipca 2022.<\/li>\n<\/ol>\n<\/li>\n<\/ol>\n","protected":false},"excerpt":{"rendered":"","protected":false},"author":4,"featured_media":3813,"comment_status":"closed","ping_status":"closed","sticky":false,"template":"","format":"standard","meta":{"_jetpack_memberships_contains_paid_content":false,"footnotes":""},"categories":[1],"tags":[],"class_list":["post-4180","post","type-post","status-publish","format-standard","has-post-thumbnail","hentry","category-aktualnosci"],"jetpack_featured_media_url":"https:\/\/i0.wp.com\/aberdeen-pl.rcda.scot\/wp-content\/uploads\/2022\/03\/loudspeaker-g537a03644_640.png?fit=347%2C336&ssl=1","jetpack_sharing_enabled":true,"_links":{"self":[{"href":"https:\/\/aberdeen-pl.rcda.scot\/index.php?rest_route=\/wp\/v2\/posts\/4180","targetHints":{"allow":["GET"]}}],"collection":[{"href":"https:\/\/aberdeen-pl.rcda.scot\/index.php?rest_route=\/wp\/v2\/posts"}],"about":[{"href":"https:\/\/aberdeen-pl.rcda.scot\/index.php?rest_route=\/wp\/v2\/types\/post"}],"author":[{"embeddable":true,"href":"https:\/\/aberdeen-pl.rcda.scot\/index.php?rest_route=\/wp\/v2\/users\/4"}],"replies":[{"embeddable":true,"href":"https:\/\/aberdeen-pl.rcda.scot\/index.php?rest_route=%2Fwp%2Fv2%2Fcomments&post=4180"}],"version-history":[{"count":7,"href":"https:\/\/aberdeen-pl.rcda.scot\/index.php?rest_route=\/wp\/v2\/posts\/4180\/revisions"}],"predecessor-version":[{"id":4191,"href":"https:\/\/aberdeen-pl.rcda.scot\/index.php?rest_route=\/wp\/v2\/posts\/4180\/revisions\/4191"}],"wp:featuredmedia":[{"embeddable":true,"href":"https:\/\/aberdeen-pl.rcda.scot\/index.php?rest_route=\/wp\/v2\/media\/3813"}],"wp:attachment":[{"href":"https:\/\/aberdeen-pl.rcda.scot\/index.php?rest_route=%2Fwp%2Fv2%2Fmedia&parent=4180"}],"wp:term":[{"taxonomy":"category","embeddable":true,"href":"https:\/\/aberdeen-pl.rcda.scot\/index.php?rest_route=%2Fwp%2Fv2%2Fcategories&post=4180"},{"taxonomy":"post_tag","embeddable":true,"href":"https:\/\/aberdeen-pl.rcda.scot\/index.php?rest_route=%2Fwp%2Fv2%2Ftags&post=4180"}],"curies":[{"name":"wp","href":"https:\/\/api.w.org\/{rel}","templated":true}]}}