{"id":4197,"date":"2022-07-03T01:00:48","date_gmt":"2022-07-03T00:00:48","guid":{"rendered":"https:\/\/aberdeen-pl.rcda.scot\/?p=4197"},"modified":"2022-07-15T22:55:16","modified_gmt":"2022-07-15T21:55:16","slug":"ogloszenia-duszpasterstwa-3-lipca-2022","status":"publish","type":"post","link":"https:\/\/aberdeen-pl.rcda.scot\/?p=4197","title":{"rendered":"Og\u0142oszenia Duszpasterstwa 3 lipca 2022"},"content":{"rendered":"<p><!--more--><\/p>\n<ol>\n<li style=\"list-style-type: none;\">\n<ol>\n<li><strong>Kol\u0119da<\/strong>: Brak wystarczaj\u0105cej ilo\u015bci polskoj\u0119zycznych duszpasterzy w Aberdeen i nat\u0142ok obowi\u0105zk\u00f3w spowodowa\u0142, \u017ce wizyta duszpasterska (tzw. kol\u0119da) podczas ostatnich \u015bwi\u0105t Bo\u017cego Narodzenia nie by\u0142a og\u0142oszona. Wszyscy \u017cycz\u0105cy sobie wizyty duszpasterza z b\u0142ogos\u0142awie\u0144stwem mieszkania w lipcu albo sierpniu mog\u0105 poda\u0107 dwie-trzy w\u0142asne propozycje czasowe, <a href=\"https:\/\/aberdeen-pl.rcda.scot\/kontakt\/\" target=\"_blank\" rel=\"noopener\"><span style=\"text-decoration: underline;\"><strong><span style=\"color: red; text-decoration: underline;\">wysy\u0142aj\u0105c wiadomo\u015b\u0107 albo telefonicznie<\/span><\/strong><\/span><\/a>. Podczas tegorocznej wizyty duszpasterz nie przyjmuje \u017cadnych ofiar kol\u0119dowych.<\/li>\n<li><strong>Bierzmowanie 2023:<\/strong> Wst\u0119pne zapisy na roczny kurs przygotowawczy s\u0105 ju\u017c mo\u017cliwe <a href=\"https:\/\/aberdeen-pl.rcda.scot\/bierzmowanie-2\/\" target=\"_blank\" rel=\"noopener\"><span style=\"text-decoration: underline;\"><strong><span style=\"color: red; text-decoration: underline;\">z pomoc\u0105 formularza<\/span><\/strong><\/span><\/a> na stronie Duszpasterstwa. Zapisy dotycz\u0105 tak uczni\u00f3w Polskiej Szko\u0142y, jak i wszystkich innych, kt\u00f3rzy wyra\u017caj\u0105 pragnienie przyj\u0119cia tego sakramentu w przysz\u0142ym roku. Mo\u017cliwo\u015b\u0107 zg\u0142oszenia ko\u0144czy si\u0119 31 sierpnia 2022.<\/li>\n<li><strong>Taca:<\/strong> W poprzedni\u0105 niedziel\u0119 wynios\u0142a w ko\u015bciele St. Peter\u2019s \u00a3212.12, a w katedrze \u00a3198.88. Za wszelkie ofiary na funkcjonowanie ko\u015bcio\u0142a i duszpasterstwa serdeczne <em>B\u00f3g zap\u0142a\u0107<\/em>.<\/li>\n<li><strong>Cichociemni:<\/strong> Im po\u015bwi\u0119cona wystawa o nazwie &#8220;Win Her Freedom or Die&#8221; jest wci\u0105\u017c do obejrzenia w Aberdeen Central Library (II pi\u0119tro) do soboty 9 lipca 2022.<\/li>\n<\/ol>\n<\/li>\n<\/ol>\n","protected":false},"excerpt":{"rendered":"","protected":false},"author":4,"featured_media":3813,"comment_status":"closed","ping_status":"closed","sticky":false,"template":"","format":"standard","meta":{"_jetpack_memberships_contains_paid_content":false,"footnotes":""},"categories":[1],"tags":[],"class_list":["post-4197","post","type-post","status-publish","format-standard","has-post-thumbnail","hentry","category-aktualnosci"],"jetpack_featured_media_url":"https:\/\/i0.wp.com\/aberdeen-pl.rcda.scot\/wp-content\/uploads\/2022\/03\/loudspeaker-g537a03644_640.png?fit=347%2C336&ssl=1","jetpack_sharing_enabled":true,"_links":{"self":[{"href":"https:\/\/aberdeen-pl.rcda.scot\/index.php?rest_route=\/wp\/v2\/posts\/4197","targetHints":{"allow":["GET"]}}],"collection":[{"href":"https:\/\/aberdeen-pl.rcda.scot\/index.php?rest_route=\/wp\/v2\/posts"}],"about":[{"href":"https:\/\/aberdeen-pl.rcda.scot\/index.php?rest_route=\/wp\/v2\/types\/post"}],"author":[{"embeddable":true,"href":"https:\/\/aberdeen-pl.rcda.scot\/index.php?rest_route=\/wp\/v2\/users\/4"}],"replies":[{"embeddable":true,"href":"https:\/\/aberdeen-pl.rcda.scot\/index.php?rest_route=%2Fwp%2Fv2%2Fcomments&post=4197"}],"version-history":[{"count":4,"href":"https:\/\/aberdeen-pl.rcda.scot\/index.php?rest_route=\/wp\/v2\/posts\/4197\/revisions"}],"predecessor-version":[{"id":4227,"href":"https:\/\/aberdeen-pl.rcda.scot\/index.php?rest_route=\/wp\/v2\/posts\/4197\/revisions\/4227"}],"wp:featuredmedia":[{"embeddable":true,"href":"https:\/\/aberdeen-pl.rcda.scot\/index.php?rest_route=\/wp\/v2\/media\/3813"}],"wp:attachment":[{"href":"https:\/\/aberdeen-pl.rcda.scot\/index.php?rest_route=%2Fwp%2Fv2%2Fmedia&parent=4197"}],"wp:term":[{"taxonomy":"category","embeddable":true,"href":"https:\/\/aberdeen-pl.rcda.scot\/index.php?rest_route=%2Fwp%2Fv2%2Fcategories&post=4197"},{"taxonomy":"post_tag","embeddable":true,"href":"https:\/\/aberdeen-pl.rcda.scot\/index.php?rest_route=%2Fwp%2Fv2%2Ftags&post=4197"}],"curies":[{"name":"wp","href":"https:\/\/api.w.org\/{rel}","templated":true}]}}