{"id":4224,"date":"2022-07-10T01:00:55","date_gmt":"2022-07-10T00:00:55","guid":{"rendered":"https:\/\/aberdeen-pl.rcda.scot\/?p=4224"},"modified":"2022-07-15T22:55:20","modified_gmt":"2022-07-15T21:55:20","slug":"ogloszenia-duszpasterstwa-10-lipca-2022","status":"publish","type":"post","link":"https:\/\/aberdeen-pl.rcda.scot\/?p=4224","title":{"rendered":"Og\u0142oszenia Duszpasterstwa 10 lipca 2022"},"content":{"rendered":"<p><!--more--><\/p>\n<ol>\n<li style=\"list-style-type: none;\">\n<ol>\n<li><strong>Pielgrzymka do Medjugorje:<\/strong> Odpowiadaj\u0105c na potrzeb\u0119 duchowej formacji niezb\u0119dnej doros\u0142ym katolikom, zapraszamy na pielgrzymk\u0119 do miejsca, gdzie w niewielkiej miejscowo\u015bci Bo\u015bni i Hercegowiny, w ramach duszpasterstwa zgromadzonego wok\u00f3\u0142 franciszka\u0144skiej parafii \u015bw. Jakuba, rocznie miliony os\u00f3b pog\u0142\u0119biaj\u0105 sw\u0105 relacj\u0119 z Bogiem i szukaj\u0105 pokoju serca, kieruj\u0105c swoje modlitwy przez wstawiennictwo Maryi, zwanej w Medjugorje Kr\u00f3low\u0105 Pokoju. Wi\u0119cej informacji <a href=\"https:\/\/aberdeen-pl.rcda.scot\/pielgrzymka-do-krolowej-pokoju\/\" target=\"_blank\" rel=\"noopener\"><span style=\"text-decoration: underline;\"><strong><span style=\"color: red; text-decoration: underline;\">TUTAJ<\/span><\/strong><\/span><\/a>.<\/li>\n<li><strong>Kol\u0119da<\/strong>: Brak wystarczaj\u0105cej ilo\u015bci polskoj\u0119zycznych duszpasterzy w Aberdeen i nat\u0142ok obowi\u0105zk\u00f3w spowodowa\u0142, \u017ce wizyta duszpasterska (tzw. kol\u0119da) podczas ostatnich \u015bwi\u0105t Bo\u017cego Narodzenia nie by\u0142a og\u0142oszona. Wszyscy \u017cycz\u0105cy sobie wizyty duszpasterza z b\u0142ogos\u0142awie\u0144stwem mieszkania mog\u0105 poda\u0107 dwie-trzy w\u0142asne propozycje czasowe do 16 sierpnia, <a href=\"https:\/\/aberdeen-pl.rcda.scot\/kontakt\/\" target=\"_blank\" rel=\"noopener\"><span style=\"text-decoration: underline;\"><strong><span style=\"color: red; text-decoration: underline;\">wysy\u0142aj\u0105c wiadomo\u015b\u0107 albo telefonicznie<\/span><\/strong><\/span><\/a>. Podczas tegorocznej wizyty duszpasterz nie przyjmuje \u017cadnych ofiar kol\u0119dowych.<\/li>\n<li><strong>Taca:<\/strong> W poprzedni\u0105 niedziel\u0119 wynios\u0142a w ko\u015bciele St. Peter\u2019s \u00a3237.00, a w katedrze \u00a3228.10. Za wszelkie ofiary na funkcjonowanie ko\u015bcio\u0142a i duszpasterstwa serdeczne <em>B\u00f3g zap\u0142a\u0107<\/em>.<\/li>\n<\/ol>\n<\/li>\n<\/ol>\n","protected":false},"excerpt":{"rendered":"","protected":false},"author":4,"featured_media":3813,"comment_status":"closed","ping_status":"closed","sticky":false,"template":"","format":"standard","meta":{"_jetpack_memberships_contains_paid_content":false,"footnotes":""},"categories":[1],"tags":[],"class_list":["post-4224","post","type-post","status-publish","format-standard","has-post-thumbnail","hentry","category-aktualnosci"],"jetpack_featured_media_url":"https:\/\/i0.wp.com\/aberdeen-pl.rcda.scot\/wp-content\/uploads\/2022\/03\/loudspeaker-g537a03644_640.png?fit=347%2C336&ssl=1","jetpack_sharing_enabled":true,"_links":{"self":[{"href":"https:\/\/aberdeen-pl.rcda.scot\/index.php?rest_route=\/wp\/v2\/posts\/4224","targetHints":{"allow":["GET"]}}],"collection":[{"href":"https:\/\/aberdeen-pl.rcda.scot\/index.php?rest_route=\/wp\/v2\/posts"}],"about":[{"href":"https:\/\/aberdeen-pl.rcda.scot\/index.php?rest_route=\/wp\/v2\/types\/post"}],"author":[{"embeddable":true,"href":"https:\/\/aberdeen-pl.rcda.scot\/index.php?rest_route=\/wp\/v2\/users\/4"}],"replies":[{"embeddable":true,"href":"https:\/\/aberdeen-pl.rcda.scot\/index.php?rest_route=%2Fwp%2Fv2%2Fcomments&post=4224"}],"version-history":[{"count":4,"href":"https:\/\/aberdeen-pl.rcda.scot\/index.php?rest_route=\/wp\/v2\/posts\/4224\/revisions"}],"predecessor-version":[{"id":4262,"href":"https:\/\/aberdeen-pl.rcda.scot\/index.php?rest_route=\/wp\/v2\/posts\/4224\/revisions\/4262"}],"wp:featuredmedia":[{"embeddable":true,"href":"https:\/\/aberdeen-pl.rcda.scot\/index.php?rest_route=\/wp\/v2\/media\/3813"}],"wp:attachment":[{"href":"https:\/\/aberdeen-pl.rcda.scot\/index.php?rest_route=%2Fwp%2Fv2%2Fmedia&parent=4224"}],"wp:term":[{"taxonomy":"category","embeddable":true,"href":"https:\/\/aberdeen-pl.rcda.scot\/index.php?rest_route=%2Fwp%2Fv2%2Fcategories&post=4224"},{"taxonomy":"post_tag","embeddable":true,"href":"https:\/\/aberdeen-pl.rcda.scot\/index.php?rest_route=%2Fwp%2Fv2%2Ftags&post=4224"}],"curies":[{"name":"wp","href":"https:\/\/api.w.org\/{rel}","templated":true}]}}