{"id":4230,"date":"2022-07-07T22:03:28","date_gmt":"2022-07-07T21:03:28","guid":{"rendered":"https:\/\/aberdeen-pl.rcda.scot\/?p=4230"},"modified":"2022-07-07T23:16:01","modified_gmt":"2022-07-07T22:16:01","slug":"pielgrzymka-do-krolowej-pokoju","status":"publish","type":"post","link":"https:\/\/aberdeen-pl.rcda.scot\/?p=4230","title":{"rendered":"PIELGRZYMKA DO KR\u00d3LOWEJ POKOJU"},"content":{"rendered":"<h3 style=\"text-align: left;\"><strong>MEDJUGORJE (20-24 wrze\u015bnia 2022)<\/strong><\/h3>\n<p><!--more--><\/p>\n<p>&nbsp;<\/p>\n<p><strong>ZAPRASZAMY:)<\/strong><\/p>\n<p><strong>PROGRAM:<\/strong><\/p>\n<p>G\u0142\u00f3wne punkty trzech pe\u0142nych dni programu:<img data-recalc-dims=\"1\" loading=\"lazy\" decoding=\"async\" data-attachment-id=\"4233\" data-permalink=\"https:\/\/aberdeen-pl.rcda.scot\/?attachment_id=4233\" data-orig-file=\"https:\/\/i0.wp.com\/aberdeen-pl.rcda.scot\/wp-content\/uploads\/2022\/07\/Medjugorje-3.jpg?fit=848%2C1280&amp;ssl=1\" data-orig-size=\"848,1280\" data-comments-opened=\"0\" data-image-meta=\"{&quot;aperture&quot;:&quot;0&quot;,&quot;credit&quot;:&quot;&quot;,&quot;camera&quot;:&quot;&quot;,&quot;caption&quot;:&quot;&quot;,&quot;created_timestamp&quot;:&quot;0&quot;,&quot;copyright&quot;:&quot;&quot;,&quot;focal_length&quot;:&quot;0&quot;,&quot;iso&quot;:&quot;0&quot;,&quot;shutter_speed&quot;:&quot;0&quot;,&quot;title&quot;:&quot;&quot;,&quot;orientation&quot;:&quot;0&quot;}\" data-image-title=\"Medjugorje (3)\" data-image-description=\"\" data-image-caption=\"\" data-large-file=\"https:\/\/i0.wp.com\/aberdeen-pl.rcda.scot\/wp-content\/uploads\/2022\/07\/Medjugorje-3.jpg?fit=640%2C967&amp;ssl=1\" class=\"wp-image-4233 alignright\" src=\"https:\/\/i0.wp.com\/aberdeen-pl.rcda.scot\/wp-content\/uploads\/2022\/07\/Medjugorje-3.jpg?resize=158%2C238&#038;ssl=1\" alt=\"\" width=\"158\" height=\"238\" srcset=\"https:\/\/i0.wp.com\/aberdeen-pl.rcda.scot\/wp-content\/uploads\/2022\/07\/Medjugorje-3.jpg?w=848&amp;ssl=1 848w, https:\/\/i0.wp.com\/aberdeen-pl.rcda.scot\/wp-content\/uploads\/2022\/07\/Medjugorje-3.jpg?resize=199%2C300&amp;ssl=1 199w, https:\/\/i0.wp.com\/aberdeen-pl.rcda.scot\/wp-content\/uploads\/2022\/07\/Medjugorje-3.jpg?resize=678%2C1024&amp;ssl=1 678w, https:\/\/i0.wp.com\/aberdeen-pl.rcda.scot\/wp-content\/uploads\/2022\/07\/Medjugorje-3.jpg?resize=768%2C1159&amp;ssl=1 768w\" sizes=\"auto, (max-width: 158px) 100vw, 158px\" \/><\/p>\n<p>&#8211; R\u00f3\u017caniec na G\u00f3rze Objawie\u0144<\/p>\n<p>&#8211; Odwiedziny we wsp\u00f3lnocie dla uzale\u017cnionych Cenacolo<\/p>\n<p>&#8211; Droga Krzy\u017cowa na g\u00f3r\u0119 Kri\u017eevac<\/p>\n<p>&#8211; Modlitwa przy krzy\u017cu, z kt\u00f3rego wyp\u0142ywa ciecz niewiadomego pochodzenia<\/p>\n<p>&#8211; Czas na skupienie, rozmy\u015blanie, relfeksj\u0119 i modlitw\u0119<\/p>\n<p>&#8211; Msza i wieczorny mi\u0119dzynarodowy program w\/przy g\u0142\u00f3wnym ko\u015bciele parafialnym<\/p>\n<p>&nbsp;<\/p>\n<p><strong>WP\u0141ACANE ORGANIZATOROM<\/strong><\/p>\n<p>Op\u0142ata <span style=\"text-decoration: underline;\">160 EUR<\/span> (do uiszczenia wy\u0142\u0105cznie w walucie euro po przyje\u017adzie do Medjugorje) obejmuje:<\/p>\n<p>&#8211; zakwaterowanie w pokojach w Medjugorje + obiadokolacje i \u015bniadania<\/p>\n<p>&#8211; transfer z lotniska w Dubrovniku do Medjugorje i z powrotem (TYLKO wed\u0142ug poni\u017cszych rejs\u00f3w)<\/p>\n<p>&#8211; op\u0142at\u0119 t\u0142umacza we wsp\u00f3lnocie Cenacolo oraz podczas mi\u0119dzynarodowych Mszy wieczornych<\/p>\n<p>&nbsp;<\/p>\n<p><strong>Op\u0142ata NIE obejmuje<\/strong><img data-recalc-dims=\"1\" loading=\"lazy\" decoding=\"async\" data-attachment-id=\"4234\" data-permalink=\"https:\/\/aberdeen-pl.rcda.scot\/?attachment_id=4234\" data-orig-file=\"https:\/\/i0.wp.com\/aberdeen-pl.rcda.scot\/wp-content\/uploads\/2022\/07\/Medjugorje-4.jpg?fit=640%2C480&amp;ssl=1\" data-orig-size=\"640,480\" data-comments-opened=\"0\" data-image-meta=\"{&quot;aperture&quot;:&quot;0&quot;,&quot;credit&quot;:&quot;&quot;,&quot;camera&quot;:&quot;&quot;,&quot;caption&quot;:&quot;&quot;,&quot;created_timestamp&quot;:&quot;0&quot;,&quot;copyright&quot;:&quot;&quot;,&quot;focal_length&quot;:&quot;0&quot;,&quot;iso&quot;:&quot;0&quot;,&quot;shutter_speed&quot;:&quot;0&quot;,&quot;title&quot;:&quot;&quot;,&quot;orientation&quot;:&quot;0&quot;}\" data-image-title=\"Medjugorje (4)\" data-image-description=\"\" data-image-caption=\"\" data-large-file=\"https:\/\/i0.wp.com\/aberdeen-pl.rcda.scot\/wp-content\/uploads\/2022\/07\/Medjugorje-4.jpg?fit=640%2C480&amp;ssl=1\" class=\"wp-image-4234 alignright\" src=\"https:\/\/i0.wp.com\/aberdeen-pl.rcda.scot\/wp-content\/uploads\/2022\/07\/Medjugorje-4.jpg?resize=282%2C211&#038;ssl=1\" alt=\"\" width=\"282\" height=\"211\" srcset=\"https:\/\/i0.wp.com\/aberdeen-pl.rcda.scot\/wp-content\/uploads\/2022\/07\/Medjugorje-4.jpg?w=640&amp;ssl=1 640w, https:\/\/i0.wp.com\/aberdeen-pl.rcda.scot\/wp-content\/uploads\/2022\/07\/Medjugorje-4.jpg?resize=300%2C225&amp;ssl=1 300w\" sizes=\"auto, (max-width: 282px) 100vw, 282px\" \/><\/p>\n<p>&#8211; dojazdu na lotnisko w Edynburgu<\/p>\n<p>&#8211; biletu lotniczego Edynburg-Dubrovnik-Edynburg<\/p>\n<p>&#8211; ewentualnych ubezpiecze\u0144<\/p>\n<p>&#8211; wydatk\u00f3w osobistych<\/p>\n<p>&nbsp;<\/p>\n<p><strong>ZAKUP BILETU LOTNICZEGO<\/strong><\/p>\n<p>Ka\u017cdy potencjalny uczestnik pielgrzymki kupuje bilet lotniczy indywidualnie i przesy\u0142a kopi\u0119 emaila do ojca Adama (polish@rcda.scot), kt\u00f3ry w\u00f3wczas emailem zwrotnym potwierdza przyj\u0119cie na list\u0119 uczestnik\u00f3w. Ze wzgl\u0119d\u00f3w organizacyjnych zg\u0142oszenia b\u0119d\u0105 przyjmowane maksymalnie do 31 lipca 2022.<\/p>\n<p>Bilet lotniczy, kt\u00f3ry nale\u017cy zakupi\u0107, dotyczy dw\u00f3ch bezpo\u015brednich przelot\u00f3w:<\/p>\n<p>EasyJet \/ Edynburg \u2013 Dubrownik \/ 20 wrze\u015bnia (wtorek) \/ odlot 6:10 \/ przylot 10:20<\/p>\n<p>EasyJet \/ Dubrovnik \u2013 Edynburg \/ 24 wrze\u015bnia (sobota) \/ odlot 11:15 \/ przylot 13:40<\/p>\n<p><strong>PYTANIA, NIEJASNO\u015aCI<\/strong><\/p>\n<p>o. Adam: polish@rcda.scot<\/p>\n<div class=\"tiled-gallery type-square tiled-gallery-unresized\" data-original-width=\"640\" data-carousel-extra='{&quot;blog_id&quot;:1,&quot;permalink&quot;:&quot;https:\\\/\\\/aberdeen-pl.rcda.scot\\\/?p=4230&quot;,&quot;likes_blog_id&quot;:163280515}' itemscope itemtype=\"http:\/\/schema.org\/ImageGallery\" > <div class=\"gallery-row\" style=\"width: 640px; height: 320px;\" data-original-width=\"640\" data-original-height=\"320\" > <div class=\"gallery-group\" style=\"width: 320px; height: 320px;\" data-original-width=\"320\" data-original-height=\"320\" > <div class=\"tiled-gallery-item \" itemprop=\"associatedMedia\" itemscope itemtype=\"http:\/\/schema.org\/ImageObject\"> <a href=\"https:\/\/aberdeen-pl.rcda.scot\/?attachment_id=4232\" border=\"0\" itemprop=\"url\"> <meta itemprop=\"width\" content=\"316\"> <meta itemprop=\"height\" content=\"316\"> <img decoding=\"async\" class=\"\" data-attachment-id=\"4232\" data-orig-file=\"https:\/\/aberdeen-pl.rcda.scot\/wp-content\/uploads\/2022\/07\/Medjugorje-2.jpg\" data-orig-size=\"1280,960\" data-comments-opened=\"\" data-image-meta=\"{&quot;aperture&quot;:&quot;0&quot;,&quot;credit&quot;:&quot;&quot;,&quot;camera&quot;:&quot;&quot;,&quot;caption&quot;:&quot;&quot;,&quot;created_timestamp&quot;:&quot;0&quot;,&quot;copyright&quot;:&quot;&quot;,&quot;focal_length&quot;:&quot;0&quot;,&quot;iso&quot;:&quot;0&quot;,&quot;shutter_speed&quot;:&quot;0&quot;,&quot;title&quot;:&quot;&quot;,&quot;orientation&quot;:&quot;0&quot;}\" data-image-title=\"Medjugorje (2)\" data-image-description=\"\" data-medium-file=\"https:\/\/i0.wp.com\/aberdeen-pl.rcda.scot\/wp-content\/uploads\/2022\/07\/Medjugorje-2.jpg?fit=300%2C225&#038;ssl=1\" data-large-file=\"https:\/\/i0.wp.com\/aberdeen-pl.rcda.scot\/wp-content\/uploads\/2022\/07\/Medjugorje-2.jpg?fit=640%2C480&#038;ssl=1\" src=\"https:\/\/i0.wp.com\/aberdeen-pl.rcda.scot\/wp-content\/uploads\/2022\/07\/Medjugorje-2.jpg?w=316&#038;h=316&#038;crop=1&#038;ssl=1\" srcset=\"https:\/\/i0.wp.com\/aberdeen-pl.rcda.scot\/wp-content\/uploads\/2022\/07\/Medjugorje-2.jpg?resize=150%2C150&amp;ssl=1 150w, https:\/\/i0.wp.com\/aberdeen-pl.rcda.scot\/wp-content\/uploads\/2022\/07\/Medjugorje-2.jpg?resize=200%2C200&amp;ssl=1 200w, https:\/\/i0.wp.com\/aberdeen-pl.rcda.scot\/wp-content\/uploads\/2022\/07\/Medjugorje-2.jpg?resize=320%2C320&amp;ssl=1 320w, https:\/\/i0.wp.com\/aberdeen-pl.rcda.scot\/wp-content\/uploads\/2022\/07\/Medjugorje-2.jpg?zoom=2&amp;resize=316%2C316&amp;ssl=1 632w, https:\/\/i0.wp.com\/aberdeen-pl.rcda.scot\/wp-content\/uploads\/2022\/07\/Medjugorje-2.jpg?zoom=3&amp;resize=316%2C316&amp;ssl=1 948w\" width=\"316\" height=\"316\" loading=\"lazy\" data-original-width=\"316\" data-original-height=\"316\" itemprop=\"http:\/\/schema.org\/image\" title=\"Medjugorje (2)\" alt=\"Medjugorje (2)\" style=\"width: 316px; height: 316px;\" \/> <\/a> <\/div> <\/div> <div class=\"gallery-group\" style=\"width: 320px; height: 320px;\" data-original-width=\"320\" data-original-height=\"320\" > <div class=\"tiled-gallery-item \" itemprop=\"associatedMedia\" itemscope itemtype=\"http:\/\/schema.org\/ImageObject\"> <a href=\"https:\/\/aberdeen-pl.rcda.scot\/?attachment_id=4231\" border=\"0\" itemprop=\"url\"> <meta itemprop=\"width\" content=\"316\"> <meta itemprop=\"height\" content=\"316\"> <img decoding=\"async\" class=\"\" data-attachment-id=\"4231\" data-orig-file=\"https:\/\/aberdeen-pl.rcda.scot\/wp-content\/uploads\/2022\/07\/Medjugorje-1.jpg\" data-orig-size=\"960,1280\" data-comments-opened=\"\" data-image-meta=\"{&quot;aperture&quot;:&quot;0&quot;,&quot;credit&quot;:&quot;&quot;,&quot;camera&quot;:&quot;&quot;,&quot;caption&quot;:&quot;&quot;,&quot;created_timestamp&quot;:&quot;0&quot;,&quot;copyright&quot;:&quot;&quot;,&quot;focal_length&quot;:&quot;0&quot;,&quot;iso&quot;:&quot;0&quot;,&quot;shutter_speed&quot;:&quot;0&quot;,&quot;title&quot;:&quot;&quot;,&quot;orientation&quot;:&quot;0&quot;}\" data-image-title=\"Medjugorje (1)\" data-image-description=\"\" data-medium-file=\"https:\/\/i0.wp.com\/aberdeen-pl.rcda.scot\/wp-content\/uploads\/2022\/07\/Medjugorje-1.jpg?fit=225%2C300&#038;ssl=1\" data-large-file=\"https:\/\/i0.wp.com\/aberdeen-pl.rcda.scot\/wp-content\/uploads\/2022\/07\/Medjugorje-1.jpg?fit=640%2C853&#038;ssl=1\" src=\"https:\/\/i0.wp.com\/aberdeen-pl.rcda.scot\/wp-content\/uploads\/2022\/07\/Medjugorje-1.jpg?w=316&#038;h=316&#038;crop=1&#038;ssl=1\" srcset=\"https:\/\/i0.wp.com\/aberdeen-pl.rcda.scot\/wp-content\/uploads\/2022\/07\/Medjugorje-1.jpg?resize=150%2C150&amp;ssl=1 150w, https:\/\/i0.wp.com\/aberdeen-pl.rcda.scot\/wp-content\/uploads\/2022\/07\/Medjugorje-1.jpg?resize=200%2C200&amp;ssl=1 200w, https:\/\/i0.wp.com\/aberdeen-pl.rcda.scot\/wp-content\/uploads\/2022\/07\/Medjugorje-1.jpg?resize=320%2C320&amp;ssl=1 320w, https:\/\/i0.wp.com\/aberdeen-pl.rcda.scot\/wp-content\/uploads\/2022\/07\/Medjugorje-1.jpg?zoom=2&amp;resize=316%2C316&amp;ssl=1 632w, https:\/\/i0.wp.com\/aberdeen-pl.rcda.scot\/wp-content\/uploads\/2022\/07\/Medjugorje-1.jpg?zoom=3&amp;resize=316%2C316&amp;ssl=1 948w\" width=\"316\" height=\"316\" loading=\"lazy\" data-original-width=\"316\" data-original-height=\"316\" itemprop=\"http:\/\/schema.org\/image\" title=\"Medjugorje (1)\" alt=\"Medjugorje (1)\" style=\"width: 316px; height: 316px;\" \/> <\/a> <\/div> <\/div> <\/div> <\/div>\n","protected":false},"excerpt":{"rendered":"<p>MEDJUGORJE (20-24 wrze\u015bnia 2022)<\/p>\n","protected":false},"author":4,"featured_media":4234,"comment_status":"closed","ping_status":"closed","sticky":false,"template":"","format":"standard","meta":{"_jetpack_memberships_contains_paid_content":false,"footnotes":""},"categories":[1],"tags":[],"class_list":["post-4230","post","type-post","status-publish","format-standard","has-post-thumbnail","hentry","category-aktualnosci"],"jetpack_featured_media_url":"https:\/\/i0.wp.com\/aberdeen-pl.rcda.scot\/wp-content\/uploads\/2022\/07\/Medjugorje-4.jpg?fit=640%2C480&ssl=1","jetpack_sharing_enabled":true,"_links":{"self":[{"href":"https:\/\/aberdeen-pl.rcda.scot\/index.php?rest_route=\/wp\/v2\/posts\/4230","targetHints":{"allow":["GET"]}}],"collection":[{"href":"https:\/\/aberdeen-pl.rcda.scot\/index.php?rest_route=\/wp\/v2\/posts"}],"about":[{"href":"https:\/\/aberdeen-pl.rcda.scot\/index.php?rest_route=\/wp\/v2\/types\/post"}],"author":[{"embeddable":true,"href":"https:\/\/aberdeen-pl.rcda.scot\/index.php?rest_route=\/wp\/v2\/users\/4"}],"replies":[{"embeddable":true,"href":"https:\/\/aberdeen-pl.rcda.scot\/index.php?rest_route=%2Fwp%2Fv2%2Fcomments&post=4230"}],"version-history":[{"count":22,"href":"https:\/\/aberdeen-pl.rcda.scot\/index.php?rest_route=\/wp\/v2\/posts\/4230\/revisions"}],"predecessor-version":[{"id":4258,"href":"https:\/\/aberdeen-pl.rcda.scot\/index.php?rest_route=\/wp\/v2\/posts\/4230\/revisions\/4258"}],"wp:featuredmedia":[{"embeddable":true,"href":"https:\/\/aberdeen-pl.rcda.scot\/index.php?rest_route=\/wp\/v2\/media\/4234"}],"wp:attachment":[{"href":"https:\/\/aberdeen-pl.rcda.scot\/index.php?rest_route=%2Fwp%2Fv2%2Fmedia&parent=4230"}],"wp:term":[{"taxonomy":"category","embeddable":true,"href":"https:\/\/aberdeen-pl.rcda.scot\/index.php?rest_route=%2Fwp%2Fv2%2Fcategories&post=4230"},{"taxonomy":"post_tag","embeddable":true,"href":"https:\/\/aberdeen-pl.rcda.scot\/index.php?rest_route=%2Fwp%2Fv2%2Ftags&post=4230"}],"curies":[{"name":"wp","href":"https:\/\/api.w.org\/{rel}","templated":true}]}}