{"id":4302,"date":"2022-07-31T00:15:36","date_gmt":"2022-07-30T23:15:36","guid":{"rendered":"https:\/\/aberdeen-pl.rcda.scot\/?p=4302"},"modified":"2022-07-31T00:14:13","modified_gmt":"2022-07-30T23:14:13","slug":"ogloszenia-duszpasterstwa-31-lipca-2022","status":"publish","type":"post","link":"https:\/\/aberdeen-pl.rcda.scot\/?p=4302","title":{"rendered":"Og\u0142oszenia Duszpasterstwa 31 lipca 2022"},"content":{"rendered":"<p><!--more--><\/p>\n<ol>\n<li style=\"list-style-type: none;\">\n<ol>\n<li><strong>Mama z brzd\u0105cem:<\/strong> Parafia katedralna otworzy\u0142a mo\u017cliwo\u015b\u0107 spotka\u0144 dla mam i ich dzieci w wieku 0-5 lat. Mo\u017cliwo\u015b\u0107 spotkania si\u0119 z innymi matkami, wypicia wsp\u00f3lnie herbaty oraz czas wsp\u00f3lnej zabawy dla dzieci jest we wtorki od 10:00 do 12:00 w Main Hall. Mo\u017cliwo\u015b\u0107 zg\u0142oszenia si\u0119 do tej grupy <a href=\"https:\/\/stmaryscathedral.churchsuite.com\/forms\/9rlaw1sm\" target=\"_blank\" rel=\"noopener\"><span style=\"text-decoration: underline;\"><strong><span style=\"color: red; text-decoration: underline;\">TUTAJ.<\/span><\/strong><\/span><\/a><\/li>\n<li><strong>Czwartkowy sakrament pojednania przed Pierwszym Pi\u0105tkiem w katedrze:<\/strong> w tym i przysz\u0142ym miesi\u0105cu ODWO\u0141ANY.<\/li>\n<li><strong>Pierwszy Pi\u0105tek w St. Peter&#8217;s:<\/strong> Mo\u017cliwo\u015b\u0107 adoracji Naj\u015bwi\u0119tszego Sakramentu b\u0119dzie od 17:30 do 18:30 (w tym czasie mo\u017cliwo\u015b\u0107 skorzystania z sakramentu pojednania w zakrystii, o 18:15 Litania do Naj\u015bwi\u0119tszego Serca Pana Jezusa, a potem Eucharystia o 18:30. Natomiast we wrze\u015bniu pierwszopi\u0105tkowej Mszy po polsku nie b\u0119dzie.<\/li>\n<li><strong>Przemienienie Pa\u0144skie:<\/strong> W sobot\u0119 (6 sierpnia) przypada \u015awi\u0119to Przemienienia Pa\u0144skiego. Mo\u017cliwo\u015b\u0107 uczestnictwa w angloj\u0119zycznej Mszy \u015bw. b\u0119dzie o godz. 10:00 w katedrze St. Mary&#8217;s.<\/li>\n<li><strong>Wizyta duszpasterska<\/strong>: Brak wystarczaj\u0105cej ilo\u015bci polskoj\u0119zycznych duszpasterzy w Aberdeen i nat\u0142ok obowi\u0105zk\u00f3w spowodowa\u0142, \u017ce wizyta duszpasterska (tzw. kol\u0119da) podczas ostatnich \u015bwi\u0105t Bo\u017cego Narodzenia nie by\u0142a og\u0142oszona. Wszyscy \u017cycz\u0105cy sobie wizyty duszpasterza z b\u0142ogos\u0142awie\u0144stwem mieszkania mog\u0105 poda\u0107 dwie-trzy w\u0142asne propozycje czasowe w terminie 8-16 sierpnia, <a href=\"https:\/\/aberdeen-pl.rcda.scot\/kontakt\/\" target=\"_blank\" rel=\"noopener\"><span style=\"text-decoration: underline;\"><strong><span style=\"color: red; text-decoration: underline;\">wysy\u0142aj\u0105c wiadomo\u015b\u0107 albo telefonicznie<\/span><\/strong><\/span><\/a>. Podczas tegorocznej wizyty duszpasterz nie przyjmuje \u017cadnych ofiar kol\u0119dowych.<\/li>\n<li><strong>Taca:<\/strong> W poprzedni\u0105 niedziel\u0119 wynios\u0142a w ko\u015bciele St. Peter\u2019s \u00a3227.18, a w katedrze \u00a3249.51. Za wszelkie ofiary na funkcjonowanie ko\u015bcio\u0142a i duszpasterstwa serdeczne <em>B\u00f3g zap\u0142a\u0107<\/em>.<\/li>\n<\/ol>\n<\/li>\n<\/ol>\n","protected":false},"excerpt":{"rendered":"","protected":false},"author":4,"featured_media":3813,"comment_status":"closed","ping_status":"closed","sticky":false,"template":"","format":"standard","meta":{"_jetpack_memberships_contains_paid_content":false,"footnotes":""},"categories":[1],"tags":[],"class_list":["post-4302","post","type-post","status-publish","format-standard","has-post-thumbnail","hentry","category-aktualnosci"],"jetpack_featured_media_url":"https:\/\/i0.wp.com\/aberdeen-pl.rcda.scot\/wp-content\/uploads\/2022\/03\/loudspeaker-g537a03644_640.png?fit=347%2C336&ssl=1","jetpack_sharing_enabled":true,"_links":{"self":[{"href":"https:\/\/aberdeen-pl.rcda.scot\/index.php?rest_route=\/wp\/v2\/posts\/4302","targetHints":{"allow":["GET"]}}],"collection":[{"href":"https:\/\/aberdeen-pl.rcda.scot\/index.php?rest_route=\/wp\/v2\/posts"}],"about":[{"href":"https:\/\/aberdeen-pl.rcda.scot\/index.php?rest_route=\/wp\/v2\/types\/post"}],"author":[{"embeddable":true,"href":"https:\/\/aberdeen-pl.rcda.scot\/index.php?rest_route=\/wp\/v2\/users\/4"}],"replies":[{"embeddable":true,"href":"https:\/\/aberdeen-pl.rcda.scot\/index.php?rest_route=%2Fwp%2Fv2%2Fcomments&post=4302"}],"version-history":[{"count":4,"href":"https:\/\/aberdeen-pl.rcda.scot\/index.php?rest_route=\/wp\/v2\/posts\/4302\/revisions"}],"predecessor-version":[{"id":4315,"href":"https:\/\/aberdeen-pl.rcda.scot\/index.php?rest_route=\/wp\/v2\/posts\/4302\/revisions\/4315"}],"wp:featuredmedia":[{"embeddable":true,"href":"https:\/\/aberdeen-pl.rcda.scot\/index.php?rest_route=\/wp\/v2\/media\/3813"}],"wp:attachment":[{"href":"https:\/\/aberdeen-pl.rcda.scot\/index.php?rest_route=%2Fwp%2Fv2%2Fmedia&parent=4302"}],"wp:term":[{"taxonomy":"category","embeddable":true,"href":"https:\/\/aberdeen-pl.rcda.scot\/index.php?rest_route=%2Fwp%2Fv2%2Fcategories&post=4302"},{"taxonomy":"post_tag","embeddable":true,"href":"https:\/\/aberdeen-pl.rcda.scot\/index.php?rest_route=%2Fwp%2Fv2%2Ftags&post=4302"}],"curies":[{"name":"wp","href":"https:\/\/api.w.org\/{rel}","templated":true}]}}