{"id":4784,"date":"2023-03-13T16:17:20","date_gmt":"2023-03-13T16:17:20","guid":{"rendered":"https:\/\/aberdeen-pl.rcda.scot\/?p=4784"},"modified":"2023-03-13T16:17:41","modified_gmt":"2023-03-13T16:17:41","slug":"ogloszenia-duszpasterstwa-12-marca-2023","status":"publish","type":"post","link":"https:\/\/aberdeen-pl.rcda.scot\/?p=4784","title":{"rendered":"Og\u0142oszenia duszpasterstwa 12 marca 2023"},"content":{"rendered":"<p><span lang=\"PL\">1.\u00a0\u00a0\u00a0<\/span><span lang=\"PL\">19 marca w niedziel\u0119 Msz\u0105 \u015bw. o godz. 15.00 rozpoczynamy nasze Rekolekcje Wielkopostne. Poprowadzi je ks. Krzysztof Tomczak MS ze zgromadzenia Ksi\u0119\u017cy Saletyn\u00f3w w Rainham ko\u0142o Londynu. Program rekolekcji w Katedrze:<\/span><\/p>\n<p><span lang=\"PL\">\u00b7\u00a0\u00a0\u00a0\u00a0\u00a0\u00a0\u00a0\u00a0\u00a0<\/span><span lang=\"PL\">Niedziela 19 marca 2023 \u2013 Msza \u015bw. o godz. 15.00<\/span><\/p>\n<p><span lang=\"PL\">\u00b7\u00a0\u00a0\u00a0\u00a0\u00a0\u00a0\u00a0\u00a0\u00a0<\/span><span lang=\"PL\">Poniedzia\u0142ek 20 marca 2023 \u2013 Msza \u015bw. o godz. 19.30<\/span><\/p>\n<p><span lang=\"PL\">\u00b7\u00a0\u00a0\u00a0\u00a0\u00a0\u00a0\u00a0\u00a0\u00a0<\/span><span lang=\"PL\">Wtorek 21 marca 2023 \u2013 Msza \u015bw. o godz. 19.00<\/span><\/p>\n<p><span lang=\"PL\">\u00b7\u00a0\u00a0\u00a0\u00a0\u00a0\u00a0\u00a0\u00a0\u00a0<\/span><span lang=\"PL\">\u015aroda 22 marca 2023 \u2013 Zako\u0144czenie rekolekcji w ko\u015bciele St Peters \u2013 Droga krzy\u017cowa i Msza \u015bw. o godz. 19.00. W tym dniu ofiary zbierane na tac\u0119 b\u0119d\u0105 naszym podzi\u0119kowaniem ojcu rekolekcjoni\u015bcie za przeprowadzone rekolekcje.<\/span><\/p>\n<p><span lang=\"PL\">2.\u00a0\u00a0\u00a0<\/span><span lang=\"PL\">Za tydzie\u0144 po Mszy \u015bw. spotkanie dla bierzmowanych \u2013 grupa starsza.<\/span><\/p>\n<p><span lang=\"PL\">3.\u00a0\u00a0\u00a0<\/span><span lang=\"PL\">SPOWIED\u0179 WIELKANOCNA \u2013 Poniedzia\u0142ek 3 kwietnia 2023 \u2013 15.00 \u2013 17.45 i 19.00 \u2013 21.00. W czasie spowiedzi b\u0119dzie dost\u0119pnych kilku ksi\u0119\u017cy.<\/span><\/p>\n<p>4.\u00a0\u00a0\u00a0<span lang=\"PL\">Zgodnie z miejscow\u0105 tradycj\u0105 mieszka\u0144cy Aberdeen s\u0105 zaproszeni na Msze\u00a0\u015awi\u0119te Stacyjne Wielkiego Postu. W ka\u017cdy pi\u0105tek Wielkiego Postu w innym ko\u015bciele zbieraj\u0105 si\u0119 wierni na wsp\u00f3lnej modlitwie.\u00a0<\/span>O godz. 18.00 &#8211; Spowied\u017a, 18.30 &#8211; Droga Krzy\u017cowa, 19.00 &#8211; Msza \u015bw. Program mszy \u015bw: 17 marca &#8211; St Peter&#8217;s 2 Chapel Court; 24 marca St Francis RC Church 231 Deeside Gardens; 31 marca St Joseph Woodside.<\/p>\n<p>5.\u00a0\u00a0\u00a0<span lang=\"PL\">Taca w minion\u0105 niedziel\u0119 wynosi\u0142a \u00a3568.49. B\u00f3g zap\u0142a\u0107 za z\u0142o\u017cone ofiary na utrzymanie Katedry i funkcjonowanie Polskiego Duszpasterstwa.<\/span><\/p>\n","protected":false},"excerpt":{"rendered":"<p>1.\u00a0\u00a0\u00a019 marca w niedziel\u0119 Msz\u0105 \u015bw. o godz. 15.00 rozpoczynamy nasze Rekolekcje Wielkopostne. Poprowadzi je ks. Krzysztof Tomczak MS ze zgromadzenia Ksi\u0119\u017cy Saletyn\u00f3w w Rainham ko\u0142o Londynu. Program rekolekcji w [&hellip;]<\/p>\n","protected":false},"author":5,"featured_media":3813,"comment_status":"closed","ping_status":"closed","sticky":false,"template":"","format":"standard","meta":{"_jetpack_memberships_contains_paid_content":false,"footnotes":""},"categories":[1],"tags":[],"class_list":["post-4784","post","type-post","status-publish","format-standard","has-post-thumbnail","hentry","category-aktualnosci"],"jetpack_featured_media_url":"https:\/\/i0.wp.com\/aberdeen-pl.rcda.scot\/wp-content\/uploads\/2022\/03\/loudspeaker-g537a03644_640.png?fit=347%2C336&ssl=1","jetpack_sharing_enabled":true,"_links":{"self":[{"href":"https:\/\/aberdeen-pl.rcda.scot\/index.php?rest_route=\/wp\/v2\/posts\/4784","targetHints":{"allow":["GET"]}}],"collection":[{"href":"https:\/\/aberdeen-pl.rcda.scot\/index.php?rest_route=\/wp\/v2\/posts"}],"about":[{"href":"https:\/\/aberdeen-pl.rcda.scot\/index.php?rest_route=\/wp\/v2\/types\/post"}],"author":[{"embeddable":true,"href":"https:\/\/aberdeen-pl.rcda.scot\/index.php?rest_route=\/wp\/v2\/users\/5"}],"replies":[{"embeddable":true,"href":"https:\/\/aberdeen-pl.rcda.scot\/index.php?rest_route=%2Fwp%2Fv2%2Fcomments&post=4784"}],"version-history":[{"count":1,"href":"https:\/\/aberdeen-pl.rcda.scot\/index.php?rest_route=\/wp\/v2\/posts\/4784\/revisions"}],"predecessor-version":[{"id":4785,"href":"https:\/\/aberdeen-pl.rcda.scot\/index.php?rest_route=\/wp\/v2\/posts\/4784\/revisions\/4785"}],"wp:featuredmedia":[{"embeddable":true,"href":"https:\/\/aberdeen-pl.rcda.scot\/index.php?rest_route=\/wp\/v2\/media\/3813"}],"wp:attachment":[{"href":"https:\/\/aberdeen-pl.rcda.scot\/index.php?rest_route=%2Fwp%2Fv2%2Fmedia&parent=4784"}],"wp:term":[{"taxonomy":"category","embeddable":true,"href":"https:\/\/aberdeen-pl.rcda.scot\/index.php?rest_route=%2Fwp%2Fv2%2Fcategories&post=4784"},{"taxonomy":"post_tag","embeddable":true,"href":"https:\/\/aberdeen-pl.rcda.scot\/index.php?rest_route=%2Fwp%2Fv2%2Ftags&post=4784"}],"curies":[{"name":"wp","href":"https:\/\/api.w.org\/{rel}","templated":true}]}}