{"id":5119,"date":"2024-01-14T09:53:20","date_gmt":"2024-01-14T09:53:20","guid":{"rendered":"https:\/\/aberdeen-pl.rcda.scot\/?p=5119"},"modified":"2024-01-14T09:53:20","modified_gmt":"2024-01-14T09:53:20","slug":"ogloszenia-duszpasterstwa-14-stycznia-2024","status":"publish","type":"post","link":"https:\/\/aberdeen-pl.rcda.scot\/?p=5119","title":{"rendered":"Og\u0142oszenia duszpasterstwa 14 stycznia 2024"},"content":{"rendered":"<ul>\n<li>Dzisiaj po mszy \u015bw. spotkanie dla rodzic\u00f3w dzieci komunijnych.<\/li>\n<li>Grupa Credo zaprasza w poniedzia\u0142ek 15 stycznia 2024 o godz. 19:30 do Main Hall na wsp\u00f3lne ogl\u0105danie filmu THE CHOSEN.<\/li>\n<li>W nast\u0119pn\u0105 niedziel\u0119 po mszy \u015bw. o godz. 15:00 modlitwa wstawiennicza przy otarzu.<\/li>\n<li>Za tydzie\u0144 po mszy \u015bw. spotkanie dla kandydat\u00f3w do bierzmowania \u2013 grupa starsza.<\/li>\n<li>B\u0142ogos\u0142awie\u0144stwo mieszka\u0144 i dom\u00f3w ( KOL\u0118DA) b\u0119dzie si\u0119 odbywa\u0107 w niedziele (po mszy \u015bw. w katedrze) oraz w poniedzia\u0142ki, wtorki i \u015brody. W celu um\u00f3wienia wizyty duszpasterskiej prosimy o kontakt z ks. Piotrem &#8211; 07716637179.<\/li>\n<li>Taca w ubieg\u0142\u0105 niedziel\u0119 wynios\u0142a \u00a3526.53. B\u00f3g zap\u0142a\u0107 za z\u0142o\u017cone ofiary na utrzymanie Katedry i funkcjonowanie Polskiego Duszpasterstwa. Za tydzie\u0144 druga taca na rzecz WHITE FLOWERS \u2013 organizacji walcz\u0105cej o ochron\u0119 nienarodzonych dzieci przed aborcj\u0105.<\/li>\n<\/ul>\n","protected":false},"excerpt":{"rendered":"<p>Dzisiaj po mszy \u015bw. spotkanie dla rodzic\u00f3w dzieci komunijnych. Grupa Credo zaprasza w poniedzia\u0142ek 15 stycznia 2024 o godz. 19:30 do Main Hall na wsp\u00f3lne ogl\u0105danie filmu THE CHOSEN. W [&hellip;]<\/p>\n","protected":false},"author":5,"featured_media":3813,"comment_status":"closed","ping_status":"closed","sticky":false,"template":"","format":"standard","meta":{"_jetpack_memberships_contains_paid_content":false,"footnotes":""},"categories":[1],"tags":[],"class_list":["post-5119","post","type-post","status-publish","format-standard","has-post-thumbnail","hentry","category-aktualnosci"],"jetpack_featured_media_url":"https:\/\/i0.wp.com\/aberdeen-pl.rcda.scot\/wp-content\/uploads\/2022\/03\/loudspeaker-g537a03644_640.png?fit=347%2C336&ssl=1","jetpack_sharing_enabled":true,"_links":{"self":[{"href":"https:\/\/aberdeen-pl.rcda.scot\/index.php?rest_route=\/wp\/v2\/posts\/5119","targetHints":{"allow":["GET"]}}],"collection":[{"href":"https:\/\/aberdeen-pl.rcda.scot\/index.php?rest_route=\/wp\/v2\/posts"}],"about":[{"href":"https:\/\/aberdeen-pl.rcda.scot\/index.php?rest_route=\/wp\/v2\/types\/post"}],"author":[{"embeddable":true,"href":"https:\/\/aberdeen-pl.rcda.scot\/index.php?rest_route=\/wp\/v2\/users\/5"}],"replies":[{"embeddable":true,"href":"https:\/\/aberdeen-pl.rcda.scot\/index.php?rest_route=%2Fwp%2Fv2%2Fcomments&post=5119"}],"version-history":[{"count":1,"href":"https:\/\/aberdeen-pl.rcda.scot\/index.php?rest_route=\/wp\/v2\/posts\/5119\/revisions"}],"predecessor-version":[{"id":5120,"href":"https:\/\/aberdeen-pl.rcda.scot\/index.php?rest_route=\/wp\/v2\/posts\/5119\/revisions\/5120"}],"wp:featuredmedia":[{"embeddable":true,"href":"https:\/\/aberdeen-pl.rcda.scot\/index.php?rest_route=\/wp\/v2\/media\/3813"}],"wp:attachment":[{"href":"https:\/\/aberdeen-pl.rcda.scot\/index.php?rest_route=%2Fwp%2Fv2%2Fmedia&parent=5119"}],"wp:term":[{"taxonomy":"category","embeddable":true,"href":"https:\/\/aberdeen-pl.rcda.scot\/index.php?rest_route=%2Fwp%2Fv2%2Fcategories&post=5119"},{"taxonomy":"post_tag","embeddable":true,"href":"https:\/\/aberdeen-pl.rcda.scot\/index.php?rest_route=%2Fwp%2Fv2%2Ftags&post=5119"}],"curies":[{"name":"wp","href":"https:\/\/api.w.org\/{rel}","templated":true}]}}