{"id":5148,"date":"2024-03-04T22:46:49","date_gmt":"2024-03-04T22:46:49","guid":{"rendered":"https:\/\/aberdeen-pl.rcda.scot\/?p=5148"},"modified":"2024-03-04T22:46:49","modified_gmt":"2024-03-04T22:46:49","slug":"ogloszenia-duszpasterstwa-3-marca-2024","status":"publish","type":"post","link":"https:\/\/aberdeen-pl.rcda.scot\/?p=5148","title":{"rendered":"Og\u0142oszenia duszpasterstwa 3 marca 2024"},"content":{"rendered":"<div class=\"gmail_default\"><span style=\"color: #000000;\">1. Za tydzie\u0144 w niedziel\u0119 10 marca rozpoczynamy Rekolekcje Wielkopostne. Poprowadzi je O. Wojciech Cieciora OSPPE (paulin) z Stoke of Trent. Porz\u0105dek Mszy \u015bw.:<\/span><\/div>\n<div class=\"gmail_default\">\n<blockquote>\n<div class=\"gmail_default\"><span style=\"color: #000000;\">10 marca 2024 &#8211; Niedziela &#8211; godz. 15.00 &#8211; Katedra<\/span><\/div>\n<\/blockquote>\n<blockquote>\n<div class=\"gmail_default\"><span style=\"color: #000000;\">11 marca 2024 &#8211; Poniedzia\u0142ek &#8211; godz. 19.00 &#8211; Katedra<\/span><\/div>\n<div class=\"gmail_default\"><span style=\"color: #000000;\">12 marca 2024 &#8211; Wtorek &#8211; godz. 19.00 &#8211; Katedra<br \/>\n<\/span><\/div>\n<div class=\"gmail_default\"><span style=\"color: #000000;\">13 marca 2024 &#8211; \u015aroda &#8211; godz. 19.00 &#8211;\u00a0St Peter&#8217;s 2 Chapel Court<\/span><\/div>\n<\/blockquote>\n<p><span style=\"color: #000000; font-family: verdana, sans-serif;\">2. W nast\u0119pn\u0105 niedziel\u0119 po Mszy \u015bw. o godz. 15.00 zapraszamy wszystkie panie do Main Hall na \u015bwi\u0119towanie Dnia Kobiet. Kawa, herbata, ciasto oraz kiermasz odzie\u017cy nowej i u\u017cywanej.<\/span><\/div>\n<div class=\"gmail_default\"><span style=\"color: #000000;\"><span style=\"font-family: verdana, sans-serif;\">3.\u00a0<\/span>Droga Krzy\u017cowa dla dzieci w \u015brod\u0119\u00a0 6 marca 2024 o godz. 19.00 w ko\u015bciele St Peter&#8217;s 2 Chapel Court<\/span><\/div>\n<div class=\"gmail_default\"><span style=\"color: #000000;\"><span lang=\"PL\">4. Zgodnie z miejscow\u0105 tradycj\u0105 mieszka\u0144cy Aberdeen s\u0105 zaproszeni na Msze\u00a0\u015awi\u0119te Stacyjne Wielkiego Postu. W ka\u017cdy pi\u0105tek Wielkiego Postu w innym ko\u015bciele zbieraj\u0105 si\u0119 wierni na wsp\u00f3lnej modlitwie.\u00a0<\/span>O godz. 18.00 &#8211; Spowied\u017a, 18.30 &#8211; Droga Krzy\u017cowa, 19.00 &#8211; Msza \u015bw. Program mszy \u015bw:\u00a0 8 marca\u00a0King&#8217;s College Chapel Aberdeen University;\u00a015\u00a0marca &#8211; Sacred\u00a0Heart Torry;\u00a022 marca\u00a0&#8211;\u00a0St. Francis\u00a0231 Deeside Gardens<\/span><\/div>\n<div class=\"gmail_default\"><span style=\"color: #000000;\">4.\u00a0<span lang=\"PL\">SPOWIED\u0179 WIELKANOCNA \u2013 Poniedzia\u0142ek\u00a024 marca\u00a02024 \u2013 15.00 \u2013 17.45 i 19.00 \u2013 21.00.\u00a0<\/span>W czasie spowiedzi b\u0119dzie dost\u0119pnych kilku ksi\u0119\u017cy.<\/span><\/div>\n<div class=\"gmail_default\"><span style=\"color: #000000;\">5. Taca w minion\u0105 niedziel\u0119 wynosi\u0142a \u00a3447.43. Dzisiaj dodatkowa zbi\u00f3rka na Fundusz Remontowy katedry &#8211; ofiary sk\u0142adamy przy wyj\u015bciu z ko\u015bcio\u0142a. B\u00f3g zap\u0142a\u0107 za z\u0142o\u017cone ofiary na utrzymanie Katedry i funkcjonowanie Polskiego Duszpasterstwa.<\/span><\/div>\n","protected":false},"excerpt":{"rendered":"<p>1. Za tydzie\u0144 w niedziel\u0119 10 marca rozpoczynamy Rekolekcje Wielkopostne. Poprowadzi je O. Wojciech Cieciora OSPPE (paulin) z Stoke of Trent. Porz\u0105dek Mszy \u015bw.: 10 marca 2024 &#8211; Niedziela &#8211; [&hellip;]<\/p>\n","protected":false},"author":5,"featured_media":3813,"comment_status":"closed","ping_status":"closed","sticky":false,"template":"","format":"standard","meta":{"_jetpack_memberships_contains_paid_content":false,"footnotes":""},"categories":[1],"tags":[],"class_list":["post-5148","post","type-post","status-publish","format-standard","has-post-thumbnail","hentry","category-aktualnosci"],"jetpack_featured_media_url":"https:\/\/i0.wp.com\/aberdeen-pl.rcda.scot\/wp-content\/uploads\/2022\/03\/loudspeaker-g537a03644_640.png?fit=347%2C336&ssl=1","jetpack_sharing_enabled":true,"_links":{"self":[{"href":"https:\/\/aberdeen-pl.rcda.scot\/index.php?rest_route=\/wp\/v2\/posts\/5148","targetHints":{"allow":["GET"]}}],"collection":[{"href":"https:\/\/aberdeen-pl.rcda.scot\/index.php?rest_route=\/wp\/v2\/posts"}],"about":[{"href":"https:\/\/aberdeen-pl.rcda.scot\/index.php?rest_route=\/wp\/v2\/types\/post"}],"author":[{"embeddable":true,"href":"https:\/\/aberdeen-pl.rcda.scot\/index.php?rest_route=\/wp\/v2\/users\/5"}],"replies":[{"embeddable":true,"href":"https:\/\/aberdeen-pl.rcda.scot\/index.php?rest_route=%2Fwp%2Fv2%2Fcomments&post=5148"}],"version-history":[{"count":1,"href":"https:\/\/aberdeen-pl.rcda.scot\/index.php?rest_route=\/wp\/v2\/posts\/5148\/revisions"}],"predecessor-version":[{"id":5150,"href":"https:\/\/aberdeen-pl.rcda.scot\/index.php?rest_route=\/wp\/v2\/posts\/5148\/revisions\/5150"}],"wp:featuredmedia":[{"embeddable":true,"href":"https:\/\/aberdeen-pl.rcda.scot\/index.php?rest_route=\/wp\/v2\/media\/3813"}],"wp:attachment":[{"href":"https:\/\/aberdeen-pl.rcda.scot\/index.php?rest_route=%2Fwp%2Fv2%2Fmedia&parent=5148"}],"wp:term":[{"taxonomy":"category","embeddable":true,"href":"https:\/\/aberdeen-pl.rcda.scot\/index.php?rest_route=%2Fwp%2Fv2%2Fcategories&post=5148"},{"taxonomy":"post_tag","embeddable":true,"href":"https:\/\/aberdeen-pl.rcda.scot\/index.php?rest_route=%2Fwp%2Fv2%2Ftags&post=5148"}],"curies":[{"name":"wp","href":"https:\/\/api.w.org\/{rel}","templated":true}]}}