{"id":5512,"date":"2025-03-29T18:14:44","date_gmt":"2025-03-29T18:14:44","guid":{"rendered":"https:\/\/aberdeen-pl.rcda.scot\/?p=5512"},"modified":"2025-03-29T18:14:44","modified_gmt":"2025-03-29T18:14:44","slug":"ogloszenia-duszpasterstwa-30-marca-2025r","status":"publish","type":"post","link":"https:\/\/aberdeen-pl.rcda.scot\/?p=5512","title":{"rendered":"Og\u0142oszenia duszpasterstwa 30 marca 2025r."},"content":{"rendered":"<ul>\n<li>REKOLEKCJE WIELKOPOSTNE 30 marca &#8211; 2 kwietnia. Poprowadzi je bp Artur Wa\u017cny &#8211; biskup diecezji sosnowieckiej. Rekolekcje b\u0119d\u0105 si\u0119 odbywa\u0107 w ko\u015bciele Our Lady of Aberdeen, Kincorth. Tylko niedzielna msza w katedrze. Szczeg\u00f3\u0142owy program w biuletynie<\/li>\n<li>W nast\u0119pn\u0105 niedziel\u0119 b\u0119dzie zbierana druga taca na SCIAF \u2013 odpowienik polskiej Caritas.<\/li>\n<li>Drog\u0119 Krzy\u017cow\u0105 w \u015brody o godz. 19.00 w ko\u015bciele Our Lady of Aberdeen, Kincorth (grupy parafialne, kt\u00f3re chcia\u0142yby poprowadzi\u0107 rozwa\u017cania w czasie nabo\u017ce\u0144stwa prosz\u0119 o zg\u0142aszanie si\u0119 po mszy do zakrystii)<\/li>\n<li>Gorzkie \u017bale \u2013 w 2,3 i 5 niedziel\u0119 Wielkiego Postu \u2013 w Katedrze po mszy \u015bw. o godz. 15:00<\/li>\n<li>SPOWIED\u0179 WIELKANOCNA \u2013\u00a0 Our Lady of Aberdeen &#8211; Poniedzia\u0142ek 14 kwietnia 2025 \u2013 18.00 \u2013 21.00. W czasie spowiedzi b\u0119dzie dost\u0119pnych kilku ksi\u0119\u017cy<\/li>\n<li><strong>UWAGA &#8211; W OKRESIE WIELKIEGO POSTU NIE B\u0118DZIE PI\u0104TKOWYCH MSZY \u015aW. O GODZ. 19:00<\/strong><\/li>\n<li>Zgodnie z miejscow\u0105 tradycj\u0105 mieszka\u0144cy Aberdeen s\u0105 zaproszeni na Msze \u015awi\u0119te Stacyjne Wielkiego Postu. W ka\u017cdy pi\u0105tek Wielkiego Postu w innym ko\u015bciele zbieraj\u0105 si\u0119 wierni na wsp\u00f3lnej modlitwie. O godz. 18.00 &#8211; Spowied\u017a, 18.30 &#8211; Droga Krzy\u017cowa, 19.00 &#8211; Msza \u015bw. Program mszy \u015bw:\u00a0 4 kwietnia &#8211; St Peters 3 Chapel Court; 11 kwietnia &#8211; St Columba&#8217;s Breahead Way<\/li>\n<\/ul>\n<p><img data-recalc-dims=\"1\" loading=\"lazy\" decoding=\"async\" data-attachment-id=\"5503\" data-permalink=\"https:\/\/aberdeen-pl.rcda.scot\/?attachment_id=5503\" data-orig-file=\"https:\/\/i0.wp.com\/aberdeen-pl.rcda.scot\/wp-content\/uploads\/2025\/03\/wazny-rekol.jpg?fit=1448%2C2048&amp;ssl=1\" data-orig-size=\"1448,2048\" data-comments-opened=\"0\" data-image-meta=\"{&quot;aperture&quot;:&quot;0&quot;,&quot;credit&quot;:&quot;&quot;,&quot;camera&quot;:&quot;&quot;,&quot;caption&quot;:&quot;&quot;,&quot;created_timestamp&quot;:&quot;0&quot;,&quot;copyright&quot;:&quot;&quot;,&quot;focal_length&quot;:&quot;0&quot;,&quot;iso&quot;:&quot;0&quot;,&quot;shutter_speed&quot;:&quot;0&quot;,&quot;title&quot;:&quot;&quot;,&quot;orientation&quot;:&quot;0&quot;}\" data-image-title=\"wazny rekol\" data-image-description=\"\" data-image-caption=\"\" data-large-file=\"https:\/\/i0.wp.com\/aberdeen-pl.rcda.scot\/wp-content\/uploads\/2025\/03\/wazny-rekol.jpg?fit=640%2C905&amp;ssl=1\" class=\"alignnone  wp-image-5503\" src=\"https:\/\/i0.wp.com\/aberdeen-pl.rcda.scot\/wp-content\/uploads\/2025\/03\/wazny-rekol.jpg?resize=640%2C906&#038;ssl=1\" alt=\"\" width=\"640\" height=\"906\" srcset=\"https:\/\/i0.wp.com\/aberdeen-pl.rcda.scot\/wp-content\/uploads\/2025\/03\/wazny-rekol.jpg?resize=212%2C300&amp;ssl=1 212w, https:\/\/i0.wp.com\/aberdeen-pl.rcda.scot\/wp-content\/uploads\/2025\/03\/wazny-rekol.jpg?resize=724%2C1024&amp;ssl=1 724w, https:\/\/i0.wp.com\/aberdeen-pl.rcda.scot\/wp-content\/uploads\/2025\/03\/wazny-rekol.jpg?resize=768%2C1086&amp;ssl=1 768w, https:\/\/i0.wp.com\/aberdeen-pl.rcda.scot\/wp-content\/uploads\/2025\/03\/wazny-rekol.jpg?resize=1086%2C1536&amp;ssl=1 1086w, https:\/\/i0.wp.com\/aberdeen-pl.rcda.scot\/wp-content\/uploads\/2025\/03\/wazny-rekol.jpg?resize=1024%2C1448&amp;ssl=1 1024w, https:\/\/i0.wp.com\/aberdeen-pl.rcda.scot\/wp-content\/uploads\/2025\/03\/wazny-rekol.jpg?w=1448&amp;ssl=1 1448w, https:\/\/i0.wp.com\/aberdeen-pl.rcda.scot\/wp-content\/uploads\/2025\/03\/wazny-rekol.jpg?w=1280&amp;ssl=1 1280w\" sizes=\"auto, (max-width: 640px) 100vw, 640px\" \/><\/p>\n","protected":false},"excerpt":{"rendered":"<p>REKOLEKCJE WIELKOPOSTNE 30 marca &#8211; 2 kwietnia. Poprowadzi je bp Artur Wa\u017cny &#8211; biskup diecezji sosnowieckiej. Rekolekcje b\u0119d\u0105 si\u0119 odbywa\u0107 w ko\u015bciele Our Lady of Aberdeen, Kincorth. Tylko niedzielna msza [&hellip;]<\/p>\n","protected":false},"author":5,"featured_media":0,"comment_status":"closed","ping_status":"closed","sticky":false,"template":"","format":"standard","meta":{"_jetpack_memberships_contains_paid_content":false,"footnotes":""},"categories":[1],"tags":[],"class_list":["post-5512","post","type-post","status-publish","format-standard","hentry","category-aktualnosci"],"jetpack_featured_media_url":"","jetpack_sharing_enabled":true,"_links":{"self":[{"href":"https:\/\/aberdeen-pl.rcda.scot\/index.php?rest_route=\/wp\/v2\/posts\/5512","targetHints":{"allow":["GET"]}}],"collection":[{"href":"https:\/\/aberdeen-pl.rcda.scot\/index.php?rest_route=\/wp\/v2\/posts"}],"about":[{"href":"https:\/\/aberdeen-pl.rcda.scot\/index.php?rest_route=\/wp\/v2\/types\/post"}],"author":[{"embeddable":true,"href":"https:\/\/aberdeen-pl.rcda.scot\/index.php?rest_route=\/wp\/v2\/users\/5"}],"replies":[{"embeddable":true,"href":"https:\/\/aberdeen-pl.rcda.scot\/index.php?rest_route=%2Fwp%2Fv2%2Fcomments&post=5512"}],"version-history":[{"count":1,"href":"https:\/\/aberdeen-pl.rcda.scot\/index.php?rest_route=\/wp\/v2\/posts\/5512\/revisions"}],"predecessor-version":[{"id":5513,"href":"https:\/\/aberdeen-pl.rcda.scot\/index.php?rest_route=\/wp\/v2\/posts\/5512\/revisions\/5513"}],"wp:attachment":[{"href":"https:\/\/aberdeen-pl.rcda.scot\/index.php?rest_route=%2Fwp%2Fv2%2Fmedia&parent=5512"}],"wp:term":[{"taxonomy":"category","embeddable":true,"href":"https:\/\/aberdeen-pl.rcda.scot\/index.php?rest_route=%2Fwp%2Fv2%2Fcategories&post=5512"},{"taxonomy":"post_tag","embeddable":true,"href":"https:\/\/aberdeen-pl.rcda.scot\/index.php?rest_route=%2Fwp%2Fv2%2Ftags&post=5512"}],"curies":[{"name":"wp","href":"https:\/\/api.w.org\/{rel}","templated":true}]}}