{"id":5669,"date":"2025-09-21T18:37:18","date_gmt":"2025-09-21T17:37:18","guid":{"rendered":"https:\/\/aberdeen-pl.rcda.scot\/?p=5669"},"modified":"2025-09-21T18:37:18","modified_gmt":"2025-09-21T17:37:18","slug":"ogloszenia-duszpasterstwa-21-wrzesnia-2025","status":"publish","type":"post","link":"https:\/\/aberdeen-pl.rcda.scot\/?p=5669","title":{"rendered":"Og\u0142oszenia duszpasterstwa 21 wrze\u015bnia 2025"},"content":{"rendered":"<ol>\n<li><em>Rozpoczynamy dzisiaj Misje Polskiego Duszpasterstwa, kt\u00f3re potrwaj\u0105 do nast\u0119pnej niedzieli. Poprowadzi ks. Tomasz Matyjaszczyk ze Szko\u0142y Ewangelizacji \u015bw. Andrzeja w \u017barach. Ka\u017cdego dnia zapraszamy na Msz\u0119 \u015awi\u0119t\u0105 z kazaniem misyjnym i spotkanie po niej maj\u0105ce charakter pozaliturgiczny \u2013 b\u0119dzie to czas wsp\u00f3lnej modlitwy, g\u0142oszenia S\u0142owa i \u015bwiadectwa. <\/em><\/li>\n<\/ol>\n<p><strong>PROGRAM MISJI DUSZPASTERSTWA POLAK\u00d3W<br \/>\nW ABERDEEN<\/strong><\/p>\n<p><strong>21 \u2013 28 wrze\u015bnia 2025<\/strong><\/p>\n<p><strong>Niedziela 21 wrze\u015bnia 2025:<\/strong> <u>przyjrzymy si\u0119 pragnieniu Boga dotycz\u0105cym ka\u017cdego cz\u0142owieka \u2013 by wszyscy byli zbawieni i doszli do poznania prawdy. <\/u><u>Jego mi\u0142o\u015b\u0107 jest punktem wyj\u015bcia w ka\u017cdym Jego dzia\u0142aniu.<\/u><\/p>\n<ul>\n<li>19.00 (Sobota, Msza z niedzieli)- Our Lady of Aberdeen, Kincorth, 70 Cairngorm Crescent, AB12 5BR.<\/li>\n<li>15.00 St Mary\u2019s Cathedral, 16-20 Huntly St, Aberdeen AB10 1SH<\/li>\n<\/ul>\n<p><strong>\u00a0<\/strong><\/p>\n<p><strong>Poniedzia\u0142ek 22 wrze\u015bnia 2025:<\/strong> <u>spojrzymy na wszystkie bolesne momenty, kt\u00f3re mog\u0142y nas w \u017cyciu spotka\u0107 i zobaczymy, Pana Boga, kt\u00f3ry potrafi ociera\u0107 \u0142zy z naszych oczu.<\/u><\/p>\n<ul>\n<li>19.00 Holy Family Church 117 Deveron Rd, Aberdeen AB16 6LZ<\/li>\n<\/ul>\n<p>&nbsp;<\/p>\n<p><strong>Wtorek 23 wrze\u015bnia 2025:<\/strong> <u>zmierzymy si\u0119 z krzywdami, kt\u00f3rych my bywamy sprawcami i kt\u00f3re maj\u0105 swoje konsekwencje.<\/u><\/p>\n<ul>\n<li>19.00 St Columba\u2019s Church, Braehead Way, Bridge of Don, Aberdeen AB22 8RR<\/li>\n<\/ul>\n<p>&nbsp;<\/p>\n<p><strong>\u015aroda 24 wrze\u015bnia 2025:<\/strong> <u>spojrzymy na Jezusa, kt\u00f3ry ma moc uzdrawia\u0107 nasze \u017cycie.<\/u><\/p>\n<ul>\n<li>19.00 St Joseph\u2019s Church, 2 Tanfield Walk, Woodside, Aberdeen AB24 4AQ<\/li>\n<\/ul>\n<p>&nbsp;<\/p>\n<p><strong>Czwartek 25 wrze\u015bnia 2025:<\/strong> <u>zastanowimy si\u0119 nad tym do jakich zmian B\u00f3g chce nas zaprasza\u0107.<\/u><\/p>\n<ul>\n<li>19.00 St Francis of Assisi Church, 231 Deeside Gardens, Aberdeen AB15 7PR<\/li>\n<\/ul>\n<p>&nbsp;<\/p>\n<p><strong>Piatek 26 wrze\u015bnia 2025:<\/strong> <u>b\u0119dziemy oczekiwa\u0107, \u017ce B\u00f3g realnie b\u0119dzie odnawia\u0142 nasze \u017cycie moc\u0105 swego Ducha.<\/u><\/p>\n<ul>\n<li>19.00 The Sacreds Heart Church, 15 Grampian Rd, Torry, Aberdeen AB11 8ED<\/li>\n<\/ul>\n<p>&nbsp;<\/p>\n<p><strong>Sobota 27 wrze\u015bnia 2025 <\/strong><strong><em>Our Lady of Aberdeen<\/em><\/strong><\/p>\n<ul>\n<li>10.00 Msza dla dzieci<\/li>\n<li>12.00 Msza dla m\u0142odzie\u017cy<\/li>\n<li>19.00 Msza z niedzieli \u2013 parafialna<\/li>\n<\/ul>\n<p>&nbsp;<\/p>\n<p><strong>Niedziela 28 wrze\u015bnia 2025: <\/strong><u>podsumujemy nasze spotkania pr\u00f3buj\u0105c zobaczy\u0107 do czego dalej zaprasza nas B\u00f3g.<\/u><\/p>\n<ul>\n<li>15.00 St Mary\u2019s Cathedral<\/li>\n<\/ul>\n<p>&nbsp;<\/p>\n<p><strong><em>Prowadz\u0105cy: Ks. Tomasz Matyjaszczyk<\/em><\/strong><\/p>\n<p><strong><em>Szko\u0142a Ewangelizacji \u015bw. Andrzeja, \u017bary<\/em><\/strong><\/p>\n<p><em>\u00a0<\/em><\/p>\n<ol start=\"2\">\n<li><em>Osoby, kt\u00f3re mog\u0142yby pom\u00f3c z obiadem w czasie misji proszone s\u0105 o kontakt z ks. Piotrem.<\/em><\/li>\n<li><strong><em>Chcesz do\u015bwiadczy\u0107 mi\u0142o\u015bci Boga? Nie wierzysz, \u017ce jest to w og\u00f3le mo\u017cliwe?<\/em><\/strong><em>Widzisz bezsens, zniewolenie i grzech w swoim \u017cyciu? A mo\u017ce tego nie dostrzegasz? KURS NOWE \u017bYCIE JEST DLA CIEBIE. Na tym kursie mo\u017cesz rozpocz\u0105\u0107 lub odnowi\u0107 swoj\u0105 wi\u0119\u017a z Bogiem poprzez osobiste spotkanie z Chrystusem Zmartwychwsta\u0142ym.\u00a0Termin: 18-19 pa\u017adziernika 2025. Miejsce: Our Lady of Aberdeen Kincorth. Zapisy: Janis 07729705266.<\/em><\/li>\n<\/ol>\n<p><em>\u00a0<\/em><\/p>\n","protected":false},"excerpt":{"rendered":"<p>Rozpoczynamy dzisiaj Misje Polskiego Duszpasterstwa, kt\u00f3re potrwaj\u0105 do nast\u0119pnej niedzieli. Poprowadzi ks. Tomasz Matyjaszczyk ze Szko\u0142y Ewangelizacji \u015bw. Andrzeja w \u017barach. Ka\u017cdego dnia zapraszamy na Msz\u0119 \u015awi\u0119t\u0105 z kazaniem misyjnym [&hellip;]<\/p>\n","protected":false},"author":5,"featured_media":0,"comment_status":"closed","ping_status":"closed","sticky":false,"template":"","format":"standard","meta":{"_jetpack_memberships_contains_paid_content":false,"footnotes":""},"categories":[1],"tags":[],"class_list":["post-5669","post","type-post","status-publish","format-standard","hentry","category-aktualnosci"],"jetpack_featured_media_url":"","jetpack_sharing_enabled":true,"_links":{"self":[{"href":"https:\/\/aberdeen-pl.rcda.scot\/index.php?rest_route=\/wp\/v2\/posts\/5669","targetHints":{"allow":["GET"]}}],"collection":[{"href":"https:\/\/aberdeen-pl.rcda.scot\/index.php?rest_route=\/wp\/v2\/posts"}],"about":[{"href":"https:\/\/aberdeen-pl.rcda.scot\/index.php?rest_route=\/wp\/v2\/types\/post"}],"author":[{"embeddable":true,"href":"https:\/\/aberdeen-pl.rcda.scot\/index.php?rest_route=\/wp\/v2\/users\/5"}],"replies":[{"embeddable":true,"href":"https:\/\/aberdeen-pl.rcda.scot\/index.php?rest_route=%2Fwp%2Fv2%2Fcomments&post=5669"}],"version-history":[{"count":1,"href":"https:\/\/aberdeen-pl.rcda.scot\/index.php?rest_route=\/wp\/v2\/posts\/5669\/revisions"}],"predecessor-version":[{"id":5670,"href":"https:\/\/aberdeen-pl.rcda.scot\/index.php?rest_route=\/wp\/v2\/posts\/5669\/revisions\/5670"}],"wp:attachment":[{"href":"https:\/\/aberdeen-pl.rcda.scot\/index.php?rest_route=%2Fwp%2Fv2%2Fmedia&parent=5669"}],"wp:term":[{"taxonomy":"category","embeddable":true,"href":"https:\/\/aberdeen-pl.rcda.scot\/index.php?rest_route=%2Fwp%2Fv2%2Fcategories&post=5669"},{"taxonomy":"post_tag","embeddable":true,"href":"https:\/\/aberdeen-pl.rcda.scot\/index.php?rest_route=%2Fwp%2Fv2%2Ftags&post=5669"}],"curies":[{"name":"wp","href":"https:\/\/api.w.org\/{rel}","templated":true}]}}