{"id":5672,"date":"2025-09-27T09:14:37","date_gmt":"2025-09-27T08:14:37","guid":{"rendered":"https:\/\/aberdeen-pl.rcda.scot\/?p=5672"},"modified":"2025-09-27T09:21:38","modified_gmt":"2025-09-27T08:21:38","slug":"ogloszenia-duszpasterstwa-28-wrzesnia-2025","status":"publish","type":"post","link":"https:\/\/aberdeen-pl.rcda.scot\/?p=5672","title":{"rendered":"Og\u0142oszenia Duszpasterstwa 28 wrze\u015bnia 2025"},"content":{"rendered":"<ol>\n<li>\n<ol>\n<li>Dzisiaj ostatni dzie\u0144 naszych Misji \u015awi\u0119tych. Dzi\u0119kujemy Bogu za wszelkie otrzymane duchowe \u0142aski w czasie naszego pielgrzymowania po Aberdeen. B\u00f3g zap\u0142a\u0107 naszym misjonarzom \u2013 Ks. Tomkowi, Ks. Piotrowi oraz Januszowi.<\/li>\n<li>B\u00f3g zap\u0142a\u0107 te\u017c wszystkim kucharkom, kt\u00f3re pomog\u0142y z posi\u0142kami w czasie misji. W Waszej intencji b\u0119dzie odprawiona msza \u015bw. w sobot\u0119 11 pa\u017adziernika o godz. 19:00 w ko\u015bciele na Kincorth.<\/li>\n<li><strong><em>Chcesz do\u015bwiadczy\u0107 mi\u0142o\u015bci Boga? Nie wierzysz, \u017ce jest to w og\u00f3le mo\u017cliwe?<\/em><\/strong><em>Widzisz bezsens, zniewolenie i grzech w swoim \u017cyciu? A mo\u017ce tego nie dostrzegasz? KURS NOWE \u017bYCIE JEST DLA CIEBIE. Na tym kursie mo\u017cesz rozpocz\u0105\u0107 lub odnowi\u0107 swoj\u0105 wi\u0119\u017a z Bogiem poprzez osobiste spotkanie z Chrystusem Zmartwychwsta\u0142ym.\u00a0Termin: 18-19 pa\u017adziernika 2025. Miejsce: Our Lady of Aberdeen Kincorth. Zapisy: Janis 07729705266.<\/em><\/li>\n<li>W \u015brod\u0119 rozpoczyna si\u0119 miesi\u0105c pa\u017adziernik &#8211; miesi\u0105c R\u00f3\u017ca\u0144ca \u015awi\u0119tego. R\u00f3\u017caniec jest pi\u0119kn\u0105 modlitw\u0105, w kt\u00f3rej rozwa\u017camy z Maryj\u0105 wydarzenia z Ewangelii. R\u00f3\u017caniec b\u0119dziemy odmawia\u0107 w ko\u015bciele Our Lady of Aberdeen, Kincorth w ka\u017cdy pi\u0105tek w czasie adoracji o godz. 18:00<\/li>\n<li>SPOTKANIA BIBLIJNE Our Lady of Aberdeen Kincorth:\n<ul>\n<li>dla m\u0119\u017cczyzn we wtorek 30 wrze\u015bnia 2025 g. 19:00<\/li>\n<li>dla kobiet 1 pa\u017adziernika 2025 g. 19:00<\/li>\n<\/ul>\n<\/li>\n<\/ol>\n<\/li>\n<\/ol>\n","protected":false},"excerpt":{"rendered":"<p>Dzisiaj ostatni dzie\u0144 naszych Misji \u015awi\u0119tych. Dzi\u0119kujemy Bogu za wszelkie otrzymane duchowe \u0142aski w czasie naszego pielgrzymowania po Aberdeen. B\u00f3g zap\u0142a\u0107 naszym misjonarzom \u2013 Ks. Tomkowi, Ks. Piotrowi oraz Januszowi. [&hellip;]<\/p>\n","protected":false},"author":5,"featured_media":0,"comment_status":"closed","ping_status":"closed","sticky":false,"template":"","format":"standard","meta":{"_jetpack_memberships_contains_paid_content":false,"footnotes":""},"categories":[1],"tags":[],"class_list":["post-5672","post","type-post","status-publish","format-standard","hentry","category-aktualnosci"],"jetpack_featured_media_url":"","jetpack_sharing_enabled":true,"_links":{"self":[{"href":"https:\/\/aberdeen-pl.rcda.scot\/index.php?rest_route=\/wp\/v2\/posts\/5672","targetHints":{"allow":["GET"]}}],"collection":[{"href":"https:\/\/aberdeen-pl.rcda.scot\/index.php?rest_route=\/wp\/v2\/posts"}],"about":[{"href":"https:\/\/aberdeen-pl.rcda.scot\/index.php?rest_route=\/wp\/v2\/types\/post"}],"author":[{"embeddable":true,"href":"https:\/\/aberdeen-pl.rcda.scot\/index.php?rest_route=\/wp\/v2\/users\/5"}],"replies":[{"embeddable":true,"href":"https:\/\/aberdeen-pl.rcda.scot\/index.php?rest_route=%2Fwp%2Fv2%2Fcomments&post=5672"}],"version-history":[{"count":2,"href":"https:\/\/aberdeen-pl.rcda.scot\/index.php?rest_route=\/wp\/v2\/posts\/5672\/revisions"}],"predecessor-version":[{"id":5674,"href":"https:\/\/aberdeen-pl.rcda.scot\/index.php?rest_route=\/wp\/v2\/posts\/5672\/revisions\/5674"}],"wp:attachment":[{"href":"https:\/\/aberdeen-pl.rcda.scot\/index.php?rest_route=%2Fwp%2Fv2%2Fmedia&parent=5672"}],"wp:term":[{"taxonomy":"category","embeddable":true,"href":"https:\/\/aberdeen-pl.rcda.scot\/index.php?rest_route=%2Fwp%2Fv2%2Fcategories&post=5672"},{"taxonomy":"post_tag","embeddable":true,"href":"https:\/\/aberdeen-pl.rcda.scot\/index.php?rest_route=%2Fwp%2Fv2%2Ftags&post=5672"}],"curies":[{"name":"wp","href":"https:\/\/api.w.org\/{rel}","templated":true}]}}