{"id":5691,"date":"2025-10-19T22:33:55","date_gmt":"2025-10-19T21:33:55","guid":{"rendered":"https:\/\/aberdeen-pl.rcda.scot\/?p=5691"},"modified":"2025-10-19T22:33:55","modified_gmt":"2025-10-19T21:33:55","slug":"ogloszenia-duszpasterstwa-19-26-pazdziernika-2025","status":"publish","type":"post","link":"https:\/\/aberdeen-pl.rcda.scot\/?p=5691","title":{"rendered":"Og\u0142oszenia duszpasterstwa 19\/26 pa\u017adziernika 2025"},"content":{"rendered":"<p><span style=\"font-family: arial, sans-serif; font-size: large;\"><span lang=\"PL\">1.\u00a0\u00a0\u00a0\u00a0\u00a0\u00a0\u00a0\u00a0\u00a0\u00a0\u00a0\u00a0\u00a0\u00a0\u00a0\u00a0\u00a0\u00a0<\/span><span lang=\"PL\">W zwi\u0105zku z wyjazdem ks. Piotra do ko\u0144ca pa\u017adziernika nie b\u0119dzie mszy \u015bw. w j. polskim ko\u015bciele na Kincorth.<\/span><\/span><\/p>\n<p><span style=\"font-family: arial, sans-serif; font-size: large;\"><span lang=\"PL\">2.\u00a0 \u00a0 \u00a0 \u00a0 \u00a0 \u00a0 \u00a0 \u00a0\u00a0<\/span><span lang=\"PL\">1 i 2 listopada 2025 po polskich mszach \u015bw. na Kincorth i w Katedrze zapraszamy na spotkanie z Grzegorzem Miecznikowskim, autorem ksi\u0105\u017cki pt. \u201eMi\u0142o\u015b\u0107 chodzi ulicami\u201d. Autor pisze o sobie: Przeszed\u0142em drog\u0119 od gorliwego ateisty do gor\u0105cego ewangelizatora. Dobry B\u00f3g wyci\u0105gn\u0105\u0142 mnie z depresji, nerwicy, hazardu i przeprowadzi\u0142 zwyci\u0119sko przez chorob\u0119 onkologiczn\u0105. Spotkanie zako\u0144czy si\u0119 uwielbieniem z modlitw\u0105 o uzdrowienie.<\/span><\/span><\/p>\n<p><span style=\"font-family: arial, sans-serif; font-size: large;\"><span lang=\"PL\">3.\u00a0\u00a0\u00a0\u00a0\u00a0\u00a0\u00a0\u00a0\u00a0\u00a0\u00a0\u00a0\u00a0\u00a0\u00a0\u00a0\u00a0\u00a0<\/span><span lang=\"PL\">W tym roku Uroczysto\u015b\u0107 Wszystkich \u015awi\u0119tych przeniesiona jest na niedziel\u0119 2 listopada 2025. Na t\u0119 Msz\u0119 \u015bw. zapraszamy dzieci, aby przebra\u0142y si\u0119 w str\u00f3j ulubionego \u015bwi\u0119tego.<\/span><\/span><\/p>\n<p><span style=\"font-family: arial, sans-serif; font-size: large;\"><span lang=\"PL\">4.\u00a0\u00a0\u00a0\u00a0\u00a0\u00a0\u00a0\u00a0\u00a0\u00a0\u00a0\u00a0\u00a0\u00a0\u00a0\u00a0\u00a0\u00a0<\/span><span lang=\"PL\">Wspomnienie Wszystkich Wiernych Zmar\u0142ych \u2013 Dzie\u0144 Zaduszny \u2013 w poniedzia\u0142ek 3 listopada 2025. Msza \u015bw. w intencji wszystkich wiernych zmar\u0142ych o godz. 20:00 w ko\u015bciele na Kincorth<\/span><\/span><\/p>\n<p><span style=\"font-family: arial, sans-serif; font-size: large;\"><span lang=\"PL\">5.\u00a0\u00a0\u00a0\u00a0\u00a0\u00a0\u00a0\u00a0\u00a0\u00a0\u00a0\u00a0\u00a0\u00a0\u00a0\u00a0\u00a0\u00a0<\/span><span lang=\"PL\">LISTOPAD jest miesi\u0105cem, w kt\u00f3rym tradycyjnie modlimy si\u0119 o wieczny odpoczynek dla naszych bliskich zmar\u0142ych. Przy wyj\u015bciu z ko\u015bcio\u0142a znajduj\u0105 si\u0119 formularze do zapisywania zmar\u0142ych na WYPOMINKI. S\u0105 one wyrazem mi\u0142o\u015bci i jedno\u015bci ca\u0142ego Ko\u015bcio\u0142a: pielgrzymuj\u0105cego na ziemi i tego, kt\u00f3ry przeszed\u0142 ju\u017c granic\u0119 \u015bmierci. Pisz\u0105c imiona zmar\u0142ych na kartkach wspominkowych, a nast\u0119pnie je odczytuj\u0105c wyra\u017camy wiar\u0119, \u017ce ich imiona s\u0105 zapisane w Bo\u017cej ksi\u0119dze \u017cycia. Za zmar\u0142ych b\u0119dziemy si\u0119 modli\u0107 na zako\u0144czenie niedzielnej mszy \u015bw. w listopadzie. Koperty z wypominkami mo\u017cna sk\u0142ada\u0107 do specjalnego koszyka z ty\u0142u ko\u015bcio\u0142a. B\u00f3g zap\u0142a\u0107 za z\u0142o\u017cone ofiary za Wypominki.<\/span><\/span><\/p>\n<p><span style=\"font-family: arial, sans-serif; font-size: large;\"><span lang=\"PL\">6.\u00a0\u00a0\u00a0\u00a0\u00a0\u00a0\u00a0\u00a0\u00a0\u00a0\u00a0\u00a0\u00a0\u00a0\u00a0\u00a0\u00a0\u00a0<\/span><span lang=\"PL\">KONKURS DLA DZIECI:<\/span><\/span><\/p>\n<p><span style=\"font-family: arial, sans-serif; font-size: large;\"><span lang=\"PL\">a.\u00a0\u00a0\u00a0\u00a0\u00a0\u00a0<\/span><span lang=\"PL\">Zr\u00f3b w\u0142asnor\u0119cznie r\u00f3\u017caniec i przynie\u015b go do ko\u015bcio\u0142a na nast\u0119pn\u0105 msz\u0119 \u015bwi\u0119t\u0105.<\/span><\/span><\/p>\n<p>&nbsp;<\/p>\n<p><span style=\"font-family: arial, sans-serif; font-size: large;\"><span lang=\"PL\">b.\u00a0\u00a0\u00a0\u00a0\u00a0<\/span><span lang=\"PL\">Tw\u00f3j ulubiony \u015bwi\u0119ty \u2013 przyjd\u017a w stroju \u015bwi\u0119tego w niedziel\u0119 2 listopada na \u015bwi\u0119to Wszystkich \u015awi\u0119tych.<\/span><\/span><\/p>\n","protected":false},"excerpt":{"rendered":"<p>1.\u00a0\u00a0\u00a0\u00a0\u00a0\u00a0\u00a0\u00a0\u00a0\u00a0\u00a0\u00a0\u00a0\u00a0\u00a0\u00a0\u00a0\u00a0W zwi\u0105zku z wyjazdem ks. Piotra do ko\u0144ca pa\u017adziernika nie b\u0119dzie mszy \u015bw. w j. polskim ko\u015bciele na Kincorth. 2.\u00a0 \u00a0 \u00a0 \u00a0 \u00a0 \u00a0 \u00a0 \u00a0\u00a01 i 2 listopada [&hellip;]<\/p>\n","protected":false},"author":5,"featured_media":0,"comment_status":"closed","ping_status":"closed","sticky":false,"template":"","format":"standard","meta":{"_jetpack_memberships_contains_paid_content":false,"footnotes":""},"categories":[1],"tags":[],"class_list":["post-5691","post","type-post","status-publish","format-standard","hentry","category-aktualnosci"],"jetpack_featured_media_url":"","jetpack_sharing_enabled":true,"_links":{"self":[{"href":"https:\/\/aberdeen-pl.rcda.scot\/index.php?rest_route=\/wp\/v2\/posts\/5691","targetHints":{"allow":["GET"]}}],"collection":[{"href":"https:\/\/aberdeen-pl.rcda.scot\/index.php?rest_route=\/wp\/v2\/posts"}],"about":[{"href":"https:\/\/aberdeen-pl.rcda.scot\/index.php?rest_route=\/wp\/v2\/types\/post"}],"author":[{"embeddable":true,"href":"https:\/\/aberdeen-pl.rcda.scot\/index.php?rest_route=\/wp\/v2\/users\/5"}],"replies":[{"embeddable":true,"href":"https:\/\/aberdeen-pl.rcda.scot\/index.php?rest_route=%2Fwp%2Fv2%2Fcomments&post=5691"}],"version-history":[{"count":1,"href":"https:\/\/aberdeen-pl.rcda.scot\/index.php?rest_route=\/wp\/v2\/posts\/5691\/revisions"}],"predecessor-version":[{"id":5692,"href":"https:\/\/aberdeen-pl.rcda.scot\/index.php?rest_route=\/wp\/v2\/posts\/5691\/revisions\/5692"}],"wp:attachment":[{"href":"https:\/\/aberdeen-pl.rcda.scot\/index.php?rest_route=%2Fwp%2Fv2%2Fmedia&parent=5691"}],"wp:term":[{"taxonomy":"category","embeddable":true,"href":"https:\/\/aberdeen-pl.rcda.scot\/index.php?rest_route=%2Fwp%2Fv2%2Fcategories&post=5691"},{"taxonomy":"post_tag","embeddable":true,"href":"https:\/\/aberdeen-pl.rcda.scot\/index.php?rest_route=%2Fwp%2Fv2%2Ftags&post=5691"}],"curies":[{"name":"wp","href":"https:\/\/api.w.org\/{rel}","templated":true}]}}