{"id":5735,"date":"2025-11-29T14:53:57","date_gmt":"2025-11-29T14:53:57","guid":{"rendered":"https:\/\/aberdeen-pl.rcda.scot\/?p=5735"},"modified":"2025-11-29T14:53:57","modified_gmt":"2025-11-29T14:53:57","slug":"ogloszenia-duszpasterstwa-30-listopada-2025","status":"publish","type":"post","link":"https:\/\/aberdeen-pl.rcda.scot\/?p=5735","title":{"rendered":"Og\u0142oszenia duszpasterstwa 30 listopada 2025"},"content":{"rendered":"<ol>\n<li>Rozpoczynamy Adwent \u2013 czas naszego przygotowania do \u015bwi\u0119towania narodzin Zbawiciela \u2013 Jezusa Chrystusa. W tych przygotowaniach pomog\u0105 nam rekolekcje Adwentowe, kt\u00f3re poprowadzi ks. Dariusz Kiljan, proboszcz z parafii Szczecin \u2013 Za\u0142om.<\/li>\n<li>Dzi\u015b mija termin zg\u0142aszania kandydat\u00f3w do Rady Duszpasterstwa. Zg\u0142oszono 6 os\u00f3b do Duszpasterstwa. Kandydat\u00f3w prosz\u0119 zg\u0142asza\u0107 na adres mailowy polish@rcda.scot. W przypadku gdy liczba kandydat\u00f3w b\u0119dzie r\u00f3wna lub mniejsza ni\u017c 7, wtedy zg\u0142oszeni kandydaci automatycznie utworz\u0105 Rad\u0119 Duszpasterstwa.<\/li>\n<li>Dzisiaj zostan\u0105 po\u015bwi\u0119cone OP\u0141ATKI WIGILIJNE kt\u00f3rymi b\u0119dziemy si\u0119 dzieli\u0107 w czasie wieczerzy wigilijnej. Ofiary sk\u0142adane przy op\u0142atkach przeznaczone s\u0105 na inicjatywy duszpasterskie naszego Duszpasterstwa.<\/li>\n<li>W nast\u0119pn\u0105 niedziel\u0119 w katedrze po Mszy \u015bw. o godz. 15:00. Spodziewana jest wizyta \u015bw. Miko\u0142aja. Zapraszamy na t\u0119 Msz\u0119 \u015bw. szczeg\u00f3lnie najm\u0142odszych.<\/li>\n<li>RORATY: Zapraszamy dzieci w pi\u0105tek 5 i 12 grudnia na Msze \u015bw. o godz. 19:00 w ko\u015bciele na Kincorth z w\u0142asnor\u0119cznie zrobionymi lampionami. Roraty dla dzieci w j. ang. r\u00f3wnie\u017c w ko\u015bciele na Kincorth we wtorki: 2, 9, 16 i 23 grudnia o g. 18:00.<\/li>\n<li>KONKURS \u015aWI\u0104TECZNY \u2013 RODZINNA SZOPKA BETLEJEMSKA: Rodzinnie wykonan\u0105 szopk\u0119 przynosimy do ko\u015bcio\u0142a w Bo\u017ce Narodzenie. Og\u0142oszenie wynik\u00f3w w Niedziel\u0119 \u015awi\u0119tej Rodziny. Przewidziane nagrody.<\/li>\n<\/ol>\n","protected":false},"excerpt":{"rendered":"<p>Rozpoczynamy Adwent \u2013 czas naszego przygotowania do \u015bwi\u0119towania narodzin Zbawiciela \u2013 Jezusa Chrystusa. W tych przygotowaniach pomog\u0105 nam rekolekcje Adwentowe, kt\u00f3re poprowadzi ks. Dariusz Kiljan, proboszcz z parafii Szczecin \u2013 [&hellip;]<\/p>\n","protected":false},"author":5,"featured_media":0,"comment_status":"closed","ping_status":"closed","sticky":false,"template":"","format":"standard","meta":{"_jetpack_memberships_contains_paid_content":false,"footnotes":""},"categories":[1],"tags":[],"class_list":["post-5735","post","type-post","status-publish","format-standard","hentry","category-aktualnosci"],"jetpack_featured_media_url":"","jetpack_sharing_enabled":true,"_links":{"self":[{"href":"https:\/\/aberdeen-pl.rcda.scot\/index.php?rest_route=\/wp\/v2\/posts\/5735","targetHints":{"allow":["GET"]}}],"collection":[{"href":"https:\/\/aberdeen-pl.rcda.scot\/index.php?rest_route=\/wp\/v2\/posts"}],"about":[{"href":"https:\/\/aberdeen-pl.rcda.scot\/index.php?rest_route=\/wp\/v2\/types\/post"}],"author":[{"embeddable":true,"href":"https:\/\/aberdeen-pl.rcda.scot\/index.php?rest_route=\/wp\/v2\/users\/5"}],"replies":[{"embeddable":true,"href":"https:\/\/aberdeen-pl.rcda.scot\/index.php?rest_route=%2Fwp%2Fv2%2Fcomments&post=5735"}],"version-history":[{"count":1,"href":"https:\/\/aberdeen-pl.rcda.scot\/index.php?rest_route=\/wp\/v2\/posts\/5735\/revisions"}],"predecessor-version":[{"id":5736,"href":"https:\/\/aberdeen-pl.rcda.scot\/index.php?rest_route=\/wp\/v2\/posts\/5735\/revisions\/5736"}],"wp:attachment":[{"href":"https:\/\/aberdeen-pl.rcda.scot\/index.php?rest_route=%2Fwp%2Fv2%2Fmedia&parent=5735"}],"wp:term":[{"taxonomy":"category","embeddable":true,"href":"https:\/\/aberdeen-pl.rcda.scot\/index.php?rest_route=%2Fwp%2Fv2%2Fcategories&post=5735"},{"taxonomy":"post_tag","embeddable":true,"href":"https:\/\/aberdeen-pl.rcda.scot\/index.php?rest_route=%2Fwp%2Fv2%2Ftags&post=5735"}],"curies":[{"name":"wp","href":"https:\/\/api.w.org\/{rel}","templated":true}]}}