{"id":5747,"date":"2025-12-13T15:53:45","date_gmt":"2025-12-13T15:53:45","guid":{"rendered":"https:\/\/aberdeen-pl.rcda.scot\/?p=5747"},"modified":"2025-12-13T15:54:14","modified_gmt":"2025-12-13T15:54:14","slug":"ogloszenia-duszpasterstwa-14-grudnia-2025r","status":"publish","type":"post","link":"https:\/\/aberdeen-pl.rcda.scot\/?p=5747","title":{"rendered":"Og\u0142oszenia duszpasterstwa 14 grudnia 2025r."},"content":{"rendered":"<ol>\n<li>Rozpoczynamy dzisiaj Rekolekcje Adwentowe, kt\u00f3rym przewodniczy ks. Dariusz Kiljan z parafii Szczecin-Za\u0142om. Zapraszamy do uczestniczenia w rekolekcjach w poniedzia\u0142ek i wtorek do ko\u015bcio\u0142a na Kincorth na g. 19:00. Zbierane ofiary na tac\u0119, w czasie rekolekcji, b\u0119d\u0105 naszym wyrazem wdzi\u0119czno\u015bci za poprowadzone rekolekcje przez ks. Dariusza. B\u00f3g zap\u0142a\u0107 za z\u0142o\u017cone ofiary.<\/li>\n<li>Przy wyj\u015bciu z ko\u015bcio\u0142a mo\u017cna pobra\u0107 OP\u0141ATKI WIGILIJNE kt\u00f3rymi b\u0119dziemy si\u0119 dzieli\u0107 w czasie wieczerzy wigilijnej. Ofiary sk\u0142adane przy op\u0142atkach przeznaczone s\u0105 na inicjatywy duszpasterskie naszego Duszpasterstwa.<\/li>\n<li>Dzieci z parafii Our Lady of Aberdeen zapraszaj\u0105 na przedstawienie \u015bwi\u0105teczne w pi\u0105tek 19 grudnia 2025 o godz. 18:00 do ko\u015bcio\u0142a na Kincorth. W tym dniu nie b\u0119dzie mszy \u015bw. Roratniej.<\/li>\n<li>Ze wzgl\u0119du na wyjazd ks. Piotra na rekolekcje do Diecezji Motherwell sobotnia msza \u015bw. o godz. 19:00 jest odwo\u0142ana.<\/li>\n<li>KONKURS \u015aWI\u0104TECZNY \u2013 RODZINNA SZOPKA BETLEJEMSKA: Rodzinnie wykonan\u0105 szopk\u0119 przynosimy do ko\u015bcio\u0142a w Bo\u017ce Narodzenie. Og\u0142oszenie wynik\u00f3w w Niedziel\u0119 \u015awi\u0119tej Rodziny. Przewidziane nagrody.<\/li>\n<\/ol>\n<p>&nbsp;<\/p>\n<p><strong>ADWENT I BO\u017bE NARODZENIE<\/strong><\/p>\n<p>&nbsp;<\/p>\n<p><strong><u>REKOLEKCJE ADWENTOWE<\/u><\/strong><\/p>\n<p>Ks. Dariusz Kiljan<\/p>\n<p><em><u>Sobota 13 grudnia 2025<\/u><\/em>\u00a0\u2013 Our Lady of Aberdeen \u2013 g. 19:00<\/p>\n<p><em><u>Niedziela 14 grudnia 2025<\/u><\/em>\u00a0&#8211; Katedra \u2013 g. 15:00<\/p>\n<p><em><u>Poniedzia\u0142ek 15 grudnia 2025<\/u><\/em>\u00a0\u2013 Our Lady of Aberdeen \u2013 g. 19:00<\/p>\n<p><em><u>Wtorek 16 grudnia 2025<\/u><\/em>\u00a0\u2013 Our Lady of Aberdeen \u2013 g. 19:00<\/p>\n<p><strong><u>SPOWIED\u0179 \u015aWI\u0104TECZNA<\/u><\/strong><\/p>\n<p><em><u>Poniedzia\u0142ek 22 grudnia 2025<\/u><\/em>\u00a0&#8211; Our Lady of Aberdeen \u2013 g. 16:00<\/p>\n<p><strong><u>BO\u017bE NARODZENIE<\/u><\/strong><\/p>\n<p><em><u>\u015aroda 24 grudnia 2025 \u2013 Pasterka<\/u><\/em>\u00a0&#8211; Our Lady of Aberdeen \u2013 g. 23:00<\/p>\n<p><u>Czwartek 25 grudnia 2025 \u2013<\/u>\u00a0Katedra \u2013 g. 15:00<\/p>\n<p><em><u>Pi\u0105tek 26 grudnia 2025 \u2013 \u015aw.\u00a0<\/u><\/em><em><u>Szczepana<\/u><\/em>\u00a0\u2013 Our Lady of Aberdeen \u2013 g. 11:00<\/p>\n<p><strong><u>NIEDZIELA \u015aWI\u0118TEJ RODZINY<\/u><\/strong><\/p>\n<p><em><u>Sobota 27 grudnia 2025<\/u><\/em>&#8211; Our Lady of Aberdeen \u2013 g. 19:00<\/p>\n<p><em><u>Niedziela 28 grudnia 2025<\/u><\/em>\u00a0\u2013 Katedra \u2013 g. 15:00<\/p>\n<p><strong><u>NOWY ROK<\/u><\/strong><\/p>\n<p><em><u>Czwartek 1 stycznia 2026<\/u><\/em>\u00a0\u2013 Katedra \u2013 g. 15:00<\/p>\n<p><strong><u>TRZECH KR\u00d3LI<\/u><\/strong><\/p>\n<p><em><u>Sobota 3 stycznia 2026\u00a0<\/u><\/em>&#8211; Our Lady of Aberdeen \u2013 g. 19:00<\/p>\n<p><em><u>Niedziela 4 stycznia 2026\u00a0<\/u><\/em>\u2013 Katedra \u2013 g. 15:00<\/p>\n<p><strong><u>CHRZEST PA\u0143SKI<\/u><\/strong><\/p>\n<p><em><u>Sobota 10 stycznia 2026\u00a0<\/u><\/em>&#8211; Our Lady of Aberdeen \u2013 g. 19:00<\/p>\n<p><em><u>Niedziela 11 stycznia 2026\u00a0<\/u><\/em>\u2013 Katedra \u2013 g. 15:00<\/p>\n<p>&nbsp;<\/p>\n","protected":false},"excerpt":{"rendered":"<p>Rozpoczynamy dzisiaj Rekolekcje Adwentowe, kt\u00f3rym przewodniczy ks. Dariusz Kiljan z parafii Szczecin-Za\u0142om. Zapraszamy do uczestniczenia w rekolekcjach w poniedzia\u0142ek i wtorek do ko\u015bcio\u0142a na Kincorth na g. 19:00. Zbierane ofiary [&hellip;]<\/p>\n","protected":false},"author":5,"featured_media":0,"comment_status":"closed","ping_status":"closed","sticky":false,"template":"","format":"standard","meta":{"_jetpack_memberships_contains_paid_content":false,"footnotes":""},"categories":[1],"tags":[],"class_list":["post-5747","post","type-post","status-publish","format-standard","hentry","category-aktualnosci"],"jetpack_featured_media_url":"","jetpack_sharing_enabled":true,"_links":{"self":[{"href":"https:\/\/aberdeen-pl.rcda.scot\/index.php?rest_route=\/wp\/v2\/posts\/5747","targetHints":{"allow":["GET"]}}],"collection":[{"href":"https:\/\/aberdeen-pl.rcda.scot\/index.php?rest_route=\/wp\/v2\/posts"}],"about":[{"href":"https:\/\/aberdeen-pl.rcda.scot\/index.php?rest_route=\/wp\/v2\/types\/post"}],"author":[{"embeddable":true,"href":"https:\/\/aberdeen-pl.rcda.scot\/index.php?rest_route=\/wp\/v2\/users\/5"}],"replies":[{"embeddable":true,"href":"https:\/\/aberdeen-pl.rcda.scot\/index.php?rest_route=%2Fwp%2Fv2%2Fcomments&post=5747"}],"version-history":[{"count":2,"href":"https:\/\/aberdeen-pl.rcda.scot\/index.php?rest_route=\/wp\/v2\/posts\/5747\/revisions"}],"predecessor-version":[{"id":5750,"href":"https:\/\/aberdeen-pl.rcda.scot\/index.php?rest_route=\/wp\/v2\/posts\/5747\/revisions\/5750"}],"wp:attachment":[{"href":"https:\/\/aberdeen-pl.rcda.scot\/index.php?rest_route=%2Fwp%2Fv2%2Fmedia&parent=5747"}],"wp:term":[{"taxonomy":"category","embeddable":true,"href":"https:\/\/aberdeen-pl.rcda.scot\/index.php?rest_route=%2Fwp%2Fv2%2Fcategories&post=5747"},{"taxonomy":"post_tag","embeddable":true,"href":"https:\/\/aberdeen-pl.rcda.scot\/index.php?rest_route=%2Fwp%2Fv2%2Ftags&post=5747"}],"curies":[{"name":"wp","href":"https:\/\/api.w.org\/{rel}","templated":true}]}}